{"id":41881,"count":1,"description":"","link":"https:\/\/www.blogdothame.blog.br\/v1\/tag\/a-associacao-bariatrica-de-ilheus-e-regiao-abir\/","name":"a Associa\u00e7\u00e3o Bari\u00e1trica de Ilh\u00e9us e Regi\u00e3o-Abir","slug":"a-associacao-bariatrica-de-ilheus-e-regiao-abir","taxonomy":"post_tag","meta":[],"_links":{"self":[{"href":"https:\/\/www.blogdothame.blog.br\/v1\/wp-json\/wp\/v2\/tags\/41881"}],"collection":[{"href":"https:\/\/www.blogdothame.blog.br\/v1\/wp-json\/wp\/v2\/tags"}],"about":[{"href":"https:\/\/www.blogdothame.blog.br\/v1\/wp-json\/wp\/v2\/taxonomies\/post_tag"}],"wp:post_type":[{"href":"https:\/\/www.blogdothame.blog.br\/v1\/wp-json\/wp\/v2\/posts?tags=41881"}],"curies":[{"name":"wp","href":"https:\/\/api.w.org\/{rel}","templated":true}]}}