{"id":40920,"count":1,"description":"","link":"https:\/\/www.blogdothame.blog.br\/v1\/tag\/projeto-nacional-de-cameras-corporais-e-o-projeto-nacional-de-qualificacao-do-uso-da-forca\/","name":"Projeto Nacional de C\u00e2meras Corporais e o Projeto Nacional de Qualifica\u00e7\u00e3o do Uso da For\u00e7a","slug":"projeto-nacional-de-cameras-corporais-e-o-projeto-nacional-de-qualificacao-do-uso-da-forca","taxonomy":"post_tag","meta":[],"_links":{"self":[{"href":"https:\/\/www.blogdothame.blog.br\/v1\/wp-json\/wp\/v2\/tags\/40920"}],"collection":[{"href":"https:\/\/www.blogdothame.blog.br\/v1\/wp-json\/wp\/v2\/tags"}],"about":[{"href":"https:\/\/www.blogdothame.blog.br\/v1\/wp-json\/wp\/v2\/taxonomies\/post_tag"}],"wp:post_type":[{"href":"https:\/\/www.blogdothame.blog.br\/v1\/wp-json\/wp\/v2\/posts?tags=40920"}],"curies":[{"name":"wp","href":"https:\/\/api.w.org\/{rel}","templated":true}]}}