{"id":40025,"count":1,"description":"","link":"https:\/\/www.blogdothame.blog.br\/v1\/tag\/sao-joao-nao-combina-com-racismo\/","name":"\u201cS\u00e3o Jo\u00e3o N\u00e3o Combina Com Racismo\u201d","slug":"sao-joao-nao-combina-com-racismo","taxonomy":"post_tag","meta":[],"_links":{"self":[{"href":"https:\/\/www.blogdothame.blog.br\/v1\/wp-json\/wp\/v2\/tags\/40025"}],"collection":[{"href":"https:\/\/www.blogdothame.blog.br\/v1\/wp-json\/wp\/v2\/tags"}],"about":[{"href":"https:\/\/www.blogdothame.blog.br\/v1\/wp-json\/wp\/v2\/taxonomies\/post_tag"}],"wp:post_type":[{"href":"https:\/\/www.blogdothame.blog.br\/v1\/wp-json\/wp\/v2\/posts?tags=40025"}],"curies":[{"name":"wp","href":"https:\/\/api.w.org\/{rel}","templated":true}]}}