{"id":30799,"count":1,"description":"","link":"https:\/\/www.blogdothame.blog.br\/v1\/tag\/1o-seminario-de-capacitacao-e-formacao-dos-catadores-de-materiais-reciclaveis-de-itabuna\/","name":"1\u00ba Semin\u00e1rio de Capacita\u00e7\u00e3o e Forma\u00e7\u00e3o dos Catadores de Materiais Recicl\u00e1veis de Itabuna","slug":"1o-seminario-de-capacitacao-e-formacao-dos-catadores-de-materiais-reciclaveis-de-itabuna","taxonomy":"post_tag","meta":[],"_links":{"self":[{"href":"https:\/\/www.blogdothame.blog.br\/v1\/wp-json\/wp\/v2\/tags\/30799"}],"collection":[{"href":"https:\/\/www.blogdothame.blog.br\/v1\/wp-json\/wp\/v2\/tags"}],"about":[{"href":"https:\/\/www.blogdothame.blog.br\/v1\/wp-json\/wp\/v2\/taxonomies\/post_tag"}],"wp:post_type":[{"href":"https:\/\/www.blogdothame.blog.br\/v1\/wp-json\/wp\/v2\/posts?tags=30799"}],"curies":[{"name":"wp","href":"https:\/\/api.w.org\/{rel}","templated":true}]}}