{"id":2470,"count":1,"description":"","link":"https:\/\/www.blogdothame.blog.br\/v1\/tag\/programa-de-inclusao-e-desenvolvimento-socioeconomico-do-estado-da-bahia-proinclusao\/","name":"Programa de Inclus\u00e3o e Desenvolvimento Socioecon\u00f4mico do Estado da Bahia (Proinclus\u00e3o)","slug":"programa-de-inclusao-e-desenvolvimento-socioeconomico-do-estado-da-bahia-proinclusao","taxonomy":"post_tag","meta":[],"_links":{"self":[{"href":"https:\/\/www.blogdothame.blog.br\/v1\/wp-json\/wp\/v2\/tags\/2470"}],"collection":[{"href":"https:\/\/www.blogdothame.blog.br\/v1\/wp-json\/wp\/v2\/tags"}],"about":[{"href":"https:\/\/www.blogdothame.blog.br\/v1\/wp-json\/wp\/v2\/taxonomies\/post_tag"}],"wp:post_type":[{"href":"https:\/\/www.blogdothame.blog.br\/v1\/wp-json\/wp\/v2\/posts?tags=2470"}],"curies":[{"name":"wp","href":"https:\/\/api.w.org\/{rel}","templated":true}]}}