{"id":24420,"count":1,"description":"","link":"https:\/\/www.blogdothame.blog.br\/v1\/tag\/encontro-de-radios-comunitarias-da-regiao-su\/","name":"Encontro de R\u00e1dios Comunit\u00e1rias da Regi\u00e3o Su","slug":"encontro-de-radios-comunitarias-da-regiao-su","taxonomy":"post_tag","meta":[],"_links":{"self":[{"href":"https:\/\/www.blogdothame.blog.br\/v1\/wp-json\/wp\/v2\/tags\/24420"}],"collection":[{"href":"https:\/\/www.blogdothame.blog.br\/v1\/wp-json\/wp\/v2\/tags"}],"about":[{"href":"https:\/\/www.blogdothame.blog.br\/v1\/wp-json\/wp\/v2\/taxonomies\/post_tag"}],"wp:post_type":[{"href":"https:\/\/www.blogdothame.blog.br\/v1\/wp-json\/wp\/v2\/posts?tags=24420"}],"curies":[{"name":"wp","href":"https:\/\/api.w.org\/{rel}","templated":true}]}}