{"id":2310,"count":1,"description":"","link":"https:\/\/www.blogdothame.blog.br\/v1\/tag\/programa-de-formacao-e-capacitacao-de-liderancas\/","name":"Programa de Forma\u00e7\u00e3o e Capacita\u00e7\u00e3o de Lideran\u00e7as","slug":"programa-de-formacao-e-capacitacao-de-liderancas","taxonomy":"post_tag","meta":[],"_links":{"self":[{"href":"https:\/\/www.blogdothame.blog.br\/v1\/wp-json\/wp\/v2\/tags\/2310"}],"collection":[{"href":"https:\/\/www.blogdothame.blog.br\/v1\/wp-json\/wp\/v2\/tags"}],"about":[{"href":"https:\/\/www.blogdothame.blog.br\/v1\/wp-json\/wp\/v2\/taxonomies\/post_tag"}],"wp:post_type":[{"href":"https:\/\/www.blogdothame.blog.br\/v1\/wp-json\/wp\/v2\/posts?tags=2310"}],"curies":[{"name":"wp","href":"https:\/\/api.w.org\/{rel}","templated":true}]}}