{"id":17060,"count":1,"description":"","link":"https:\/\/www.blogdothame.blog.br\/v1\/tag\/luta-pela-terra-e-educacao-na-terra-indigena-tupinamba-de-olivenca-troca-de-saberes-entre-pesquisadores\/","name":"\u201cLuta pela terra e educa\u00e7\u00e3o na Terra Ind\u00edgena Tupinamb\u00e1 de Oliven\u00e7a: troca de saberes entre pesquisadores","slug":"luta-pela-terra-e-educacao-na-terra-indigena-tupinamba-de-olivenca-troca-de-saberes-entre-pesquisadores","taxonomy":"post_tag","meta":[],"_links":{"self":[{"href":"https:\/\/www.blogdothame.blog.br\/v1\/wp-json\/wp\/v2\/tags\/17060"}],"collection":[{"href":"https:\/\/www.blogdothame.blog.br\/v1\/wp-json\/wp\/v2\/tags"}],"about":[{"href":"https:\/\/www.blogdothame.blog.br\/v1\/wp-json\/wp\/v2\/taxonomies\/post_tag"}],"wp:post_type":[{"href":"https:\/\/www.blogdothame.blog.br\/v1\/wp-json\/wp\/v2\/posts?tags=17060"}],"curies":[{"name":"wp","href":"https:\/\/api.w.org\/{rel}","templated":true}]}}