{"id":14222,"count":1,"description":"","link":"https:\/\/www.blogdothame.blog.br\/v1\/tag\/manifesto-em-defesa-da-democracia-e-do-estado-de-direito-a-associacao-nacional-dos-dirigentes-das-instituicoes-federais-de-ensino-superior\/","name":"Manifesto em Defesa da Democracia e do Estado de Direito A Associa\u00e7\u00e3o Nacional dos Dirigentes das Institui\u00e7\u00f5es Federais de Ensino Superior","slug":"manifesto-em-defesa-da-democracia-e-do-estado-de-direito-a-associacao-nacional-dos-dirigentes-das-instituicoes-federais-de-ensino-superior","taxonomy":"post_tag","meta":[],"_links":{"self":[{"href":"https:\/\/www.blogdothame.blog.br\/v1\/wp-json\/wp\/v2\/tags\/14222"}],"collection":[{"href":"https:\/\/www.blogdothame.blog.br\/v1\/wp-json\/wp\/v2\/tags"}],"about":[{"href":"https:\/\/www.blogdothame.blog.br\/v1\/wp-json\/wp\/v2\/taxonomies\/post_tag"}],"wp:post_type":[{"href":"https:\/\/www.blogdothame.blog.br\/v1\/wp-json\/wp\/v2\/posts?tags=14222"}],"curies":[{"name":"wp","href":"https:\/\/api.w.org\/{rel}","templated":true}]}}