{"id":12645,"count":1,"description":"","link":"https:\/\/www.blogdothame.blog.br\/v1\/tag\/feira-de-adocao-de-caes\/","name":"Feira de ado\u00e7\u00e3o de c\u00e3es","slug":"feira-de-adocao-de-caes","taxonomy":"post_tag","meta":[],"_links":{"self":[{"href":"https:\/\/www.blogdothame.blog.br\/v1\/wp-json\/wp\/v2\/tags\/12645"}],"collection":[{"href":"https:\/\/www.blogdothame.blog.br\/v1\/wp-json\/wp\/v2\/tags"}],"about":[{"href":"https:\/\/www.blogdothame.blog.br\/v1\/wp-json\/wp\/v2\/taxonomies\/post_tag"}],"wp:post_type":[{"href":"https:\/\/www.blogdothame.blog.br\/v1\/wp-json\/wp\/v2\/posts?tags=12645"}],"curies":[{"name":"wp","href":"https:\/\/api.w.org\/{rel}","templated":true}]}}