{"id":99847,"date":"2020-02-28T16:30:19","date_gmt":"2020-02-28T19:30:19","guid":{"rendered":"http:\/\/www.blogdothame.blog.br\/v1\/?p=99847"},"modified":"2020-02-28T15:09:06","modified_gmt":"2020-02-28T18:09:06","slug":"estudantes-da-rede-estadual-podem-se-inscrever-no-programa-mais-estudo-ate-4-de-marco","status":"publish","type":"post","link":"https:\/\/www.blogdothame.blog.br\/v1\/2020\/02\/28\/estudantes-da-rede-estadual-podem-se-inscrever-no-programa-mais-estudo-ate-4-de-marco\/","title":{"rendered":"Estudantes da rede estadual podem se inscrever no Programa Mais Estudo at\u00e9 4 de mar\u00e7o"},"content":{"rendered":"<p><img loading=\"lazy\" class=\"alignleft size-medium wp-image-99848\" src=\"http:\/\/www.blogdothame.blog.br\/v1\/wp-content\/uploads\/2020\/02\/Foto-El\u00f3i-Corr\u00eaa_GOVBA-3-300x200.jpg\" alt=\"Foto El\u00f3i Corr\u00eaa_GOVBA (3)\" width=\"300\" height=\"200\" srcset=\"https:\/\/www.blogdothame.blog.br\/v1\/wp-content\/uploads\/2020\/02\/Foto-El\u00f3i-Corr\u00eaa_GOVBA-3-300x200.jpg 300w, https:\/\/www.blogdothame.blog.br\/v1\/wp-content\/uploads\/2020\/02\/Foto-El\u00f3i-Corr\u00eaa_GOVBA-3.jpg 851w\" sizes=\"(max-width: 300px) 100vw, 300px\" \/>A segunda edi\u00e7\u00e3o do Programa Mais Estudo est\u00e1 com inscri\u00e7\u00f5es abertas para 10 mil vagas de monitorias para as disciplinas de portugu\u00eas e matem\u00e1tica. A iniciativa da Secretaria da Educa\u00e7\u00e3o do Estado \u00e9 voltada para alunos do 9\u00ba ano do Ensino Fundamental e do 1\u00ba ao 4\u00ba ano do Ensino M\u00e9dio. Est\u00e1 \u00e9 a segunda edi\u00e7\u00e3o do programa que neste ano tem investimento de R$ 6 milh\u00f5es. Os estudantes podem se inscrever at\u00e9 o dia 4 de mar\u00e7o e devem procurar a secretaria da unidade de ensino na qual est\u00e3o matriculados. O programa ser\u00e1 realizado entre os meses de abril e maio e cada aluno receber\u00e1 uma bolsa mensal de R$ 200.<\/p>\n<p>No Col\u00e9gio Estadual Governador Ot\u00e1vio Mangabeira, no Saboeiro, na capital baiana, nove estudantes participaram do Mais Estudo. O jovem Thiago Ramos foi um deles e garante que a iniciativa tamb\u00e9m o ajudou. \u201c\u00c9 um projeto nota 10 e que s\u00f3 veio para ajudar na democratiza\u00e7\u00e3o do ensino p\u00fablico. A gente tem uma experi\u00eancia em que se coloca no ponto de vista do professor e para quem pretende ser professor, que \u00e9 o meu caso, s\u00f3 traz ganhos. \u00c9 uma ideia excelente fazer com que os alunos que sabem um pouco mais possam compartilhar conhecimento\u201d, destacou.<\/p>\n<p><!--more--><\/p>\n<p>Para se candidatar \u00e0s vagas de monitoria \u00e9 necess\u00e1rio que os alunos tenham m\u00e9dia a partir de oito pontos em L\u00edngua Portuguesa e Matem\u00e1tica em 2019 e a monitoria ocorre em hor\u00e1rio oposto \u00e0s aulas. O secret\u00e1rio de Educa\u00e7\u00e3o do Estado, Jer\u00f4nimo Rodrigues, ressalta os pontos positivos do programa. \u201cTivemos uma boa repercuss\u00e3o no processo estudantil com a realiza\u00e7\u00e3o da primeira edi\u00e7\u00e3o, e este \u00e9 um projeto in\u00e9dito no Brasil. Com o programa, conseguimos fazer com o que estudante fique oito horas a mais na escola com atividade pedag\u00f3gica. Sendo que duas horas s\u00e3o para tratar de planejamento, organiza\u00e7\u00e3o e forma\u00e7\u00e3o desses monitores e as outras seis horas \u00e9 para que ele possa compartilhar com seus colegas o processo de aprendizagem. J\u00e1 percebemos melhorias nos indicadores de aprova\u00e7\u00e3o e evas\u00e3o nas unidades escolares em que o Mais Estudo foi implantado. Tamb\u00e9m houve maior envolvimento entre estudantes e professores\u201d.<\/p>\n<p>As unidades escolares tamb\u00e9m devem realizar a ades\u00e3o ao programa at\u00e9 o dia 4 de mar\u00e7o no Portal da Educa\u00e7\u00e3o, a partir do preenchimento de um formul\u00e1rio. A diretora do Col\u00e9gio Estadual Ot\u00e1vio Mangabeira, M\u00e1rcia Menezes, refor\u00e7a o sucesso do projeto. \u201cA nossa avalia\u00e7\u00e3o \u00e9 muito positiva e com m\u00e9rito todo do alunado, porque eles abra\u00e7aram esse projeto. O impacto foi muito forte em rela\u00e7\u00e3o ao incentivo para quem precisava estudar mais. Temos um sentimento de gratid\u00e3o por esta iniciativa\u201d.<\/p>\n","protected":false},"excerpt":{"rendered":"<p>A segunda edi\u00e7\u00e3o do Programa Mais Estudo est\u00e1 com inscri\u00e7\u00f5es abertas para 10 mil vagas de monitorias para as disciplinas de portugu\u00eas e matem\u00e1tica. A iniciativa da Secretaria da Educa\u00e7\u00e3o do Estado \u00e9 voltada para alunos do 9\u00ba ano do Ensino Fundamental e do 1\u00ba ao 4\u00ba ano do Ensino M\u00e9dio. Est\u00e1 \u00e9 a segunda [&hellip;]<\/p>\n","protected":false},"author":2,"featured_media":0,"comment_status":"open","ping_status":"open","sticky":false,"template":"","format":"standard","meta":{"_links_to":"","_links_to_target":""},"categories":[1],"tags":[51,5128,25372,9036],"_links":{"self":[{"href":"https:\/\/www.blogdothame.blog.br\/v1\/wp-json\/wp\/v2\/posts\/99847"}],"collection":[{"href":"https:\/\/www.blogdothame.blog.br\/v1\/wp-json\/wp\/v2\/posts"}],"about":[{"href":"https:\/\/www.blogdothame.blog.br\/v1\/wp-json\/wp\/v2\/types\/post"}],"author":[{"embeddable":true,"href":"https:\/\/www.blogdothame.blog.br\/v1\/wp-json\/wp\/v2\/users\/2"}],"replies":[{"embeddable":true,"href":"https:\/\/www.blogdothame.blog.br\/v1\/wp-json\/wp\/v2\/comments?post=99847"}],"version-history":[{"count":1,"href":"https:\/\/www.blogdothame.blog.br\/v1\/wp-json\/wp\/v2\/posts\/99847\/revisions"}],"predecessor-version":[{"id":99849,"href":"https:\/\/www.blogdothame.blog.br\/v1\/wp-json\/wp\/v2\/posts\/99847\/revisions\/99849"}],"wp:attachment":[{"href":"https:\/\/www.blogdothame.blog.br\/v1\/wp-json\/wp\/v2\/media?parent=99847"}],"wp:term":[{"taxonomy":"category","embeddable":true,"href":"https:\/\/www.blogdothame.blog.br\/v1\/wp-json\/wp\/v2\/categories?post=99847"},{"taxonomy":"post_tag","embeddable":true,"href":"https:\/\/www.blogdothame.blog.br\/v1\/wp-json\/wp\/v2\/tags?post=99847"}],"curies":[{"name":"wp","href":"https:\/\/api.w.org\/{rel}","templated":true}]}}