{"id":99677,"date":"2020-02-21T08:20:52","date_gmt":"2020-02-21T11:20:52","guid":{"rendered":"http:\/\/www.blogdothame.blog.br\/v1\/?p=99677"},"modified":"2020-02-21T08:23:04","modified_gmt":"2020-02-21T11:23:04","slug":"shopping-jequitiba-anuncia-horarios-de-funcionamento-no-carnaval","status":"publish","type":"post","link":"https:\/\/www.blogdothame.blog.br\/v1\/2020\/02\/21\/shopping-jequitiba-anuncia-horarios-de-funcionamento-no-carnaval\/","title":{"rendered":"Shopping Jequitib\u00e1 anuncia hor\u00e1rios de funcionamento no Carnaval"},"content":{"rendered":"<p><img loading=\"lazy\" class=\"aligncenter  wp-image-99104\" src=\"http:\/\/www.blogdothame.blog.br\/v1\/wp-content\/uploads\/2020\/02\/jequitib\u00e1.jpg\" alt=\"jequitib\u00e1\" width=\"451\" height=\"254\" srcset=\"https:\/\/www.blogdothame.blog.br\/v1\/wp-content\/uploads\/2020\/02\/jequitib\u00e1.jpg 800w, https:\/\/www.blogdothame.blog.br\/v1\/wp-content\/uploads\/2020\/02\/jequitib\u00e1-300x169.jpg 300w\" sizes=\"(max-width: 451px) 100vw, 451px\" \/>O Shopping Jequitib\u00e1 anunciou os hor\u00e1rios de funcionamento durante o carnaval o Carnaval oficial, que acontece de 22 a 25 de fevereiro.<\/p>\n<p>As lojas e demais estabelecimentos abrem em hor\u00e1rio normal no s\u00e1bado e no domingo. Na segunda (24), as \u00a0\u00a0lojas e a lot\u00e9rica estar\u00e3o fechadas, a Pra\u00e7a de Alimenta\u00e7\u00e3o funciona das 10 \u00e0s 22 horas, o Bompre\u00e7o das 8 \u00e0s 22 horas, e a Farmacia \u00a0Velanes das 10 \u00e0s 22 horas.<\/p>\n<p>Na ter\u00e7a-feira (25), apenas a Pra\u00e7a da Alimenta\u00e7\u00e3o abre das 12 \u00e0s 21 horas, atendendo a programa\u00e7\u00e3o do Cinemark.<\/p>\n<p>J\u00e1 na quarta-feira\u00a0\u00a0 (26), dia considerado normal \u00a0as lojas, a Pra\u00e7a da Alimenta\u00e7\u00e3o funcionam das 10 \u00e0s 22 horas, o Bompre\u00e7o e a Velanes das 8 \u00e0s 22 horas e a lot\u00e9rica das 8 \u00e0s 21 horas.<\/p>\n<p>A programa\u00e7\u00e3o do Cinemark pode ser conferida nas redes sociais.<\/p>\n","protected":false},"excerpt":{"rendered":"<p>O Shopping Jequitib\u00e1 anunciou os hor\u00e1rios de funcionamento durante o carnaval o Carnaval oficial, que acontece de 22 a 25 de fevereiro. As lojas e demais estabelecimentos abrem em hor\u00e1rio normal no s\u00e1bado e no domingo. Na segunda (24), as \u00a0\u00a0lojas e a lot\u00e9rica estar\u00e3o fechadas, a Pra\u00e7a de Alimenta\u00e7\u00e3o funciona das 10 \u00e0s 22 [&hellip;]<\/p>\n","protected":false},"author":2,"featured_media":0,"comment_status":"open","ping_status":"open","sticky":false,"template":"","format":"standard","meta":{"_links_to":"","_links_to_target":""},"categories":[1],"tags":[1701,23791,1254],"_links":{"self":[{"href":"https:\/\/www.blogdothame.blog.br\/v1\/wp-json\/wp\/v2\/posts\/99677"}],"collection":[{"href":"https:\/\/www.blogdothame.blog.br\/v1\/wp-json\/wp\/v2\/posts"}],"about":[{"href":"https:\/\/www.blogdothame.blog.br\/v1\/wp-json\/wp\/v2\/types\/post"}],"author":[{"embeddable":true,"href":"https:\/\/www.blogdothame.blog.br\/v1\/wp-json\/wp\/v2\/users\/2"}],"replies":[{"embeddable":true,"href":"https:\/\/www.blogdothame.blog.br\/v1\/wp-json\/wp\/v2\/comments?post=99677"}],"version-history":[{"count":2,"href":"https:\/\/www.blogdothame.blog.br\/v1\/wp-json\/wp\/v2\/posts\/99677\/revisions"}],"predecessor-version":[{"id":99679,"href":"https:\/\/www.blogdothame.blog.br\/v1\/wp-json\/wp\/v2\/posts\/99677\/revisions\/99679"}],"wp:attachment":[{"href":"https:\/\/www.blogdothame.blog.br\/v1\/wp-json\/wp\/v2\/media?parent=99677"}],"wp:term":[{"taxonomy":"category","embeddable":true,"href":"https:\/\/www.blogdothame.blog.br\/v1\/wp-json\/wp\/v2\/categories?post=99677"},{"taxonomy":"post_tag","embeddable":true,"href":"https:\/\/www.blogdothame.blog.br\/v1\/wp-json\/wp\/v2\/tags?post=99677"}],"curies":[{"name":"wp","href":"https:\/\/api.w.org\/{rel}","templated":true}]}}