{"id":99662,"date":"2020-02-21T07:07:15","date_gmt":"2020-02-21T10:07:15","guid":{"rendered":"http:\/\/www.blogdothame.blog.br\/v1\/?p=99662"},"modified":"2020-02-20T10:13:53","modified_gmt":"2020-02-20T13:13:53","slug":"cetep-de-itororo-forma-novos-tecnicos-de-nivel-medio","status":"publish","type":"post","link":"https:\/\/www.blogdothame.blog.br\/v1\/2020\/02\/21\/cetep-de-itororo-forma-novos-tecnicos-de-nivel-medio\/","title":{"rendered":"CETEP de Itoror\u00f3 forma novos t\u00e9cnicos de n\u00edvel m\u00e9dio"},"content":{"rendered":"<p><img loading=\"lazy\" class=\"alignright size-medium wp-image-99663\" src=\"http:\/\/www.blogdothame.blog.br\/v1\/wp-content\/uploads\/2020\/02\/cetep-itororo-300x225.jpg\" alt=\"cetep itororo\" width=\"300\" height=\"225\" srcset=\"https:\/\/www.blogdothame.blog.br\/v1\/wp-content\/uploads\/2020\/02\/cetep-itororo-300x225.jpg 300w, https:\/\/www.blogdothame.blog.br\/v1\/wp-content\/uploads\/2020\/02\/cetep-itororo.jpg 800w\" sizes=\"(max-width: 300px) 100vw, 300px\" \/>O Centro Territorial de Educa\u00e7\u00e3o Profissional (CETEP) M\u00e9dio Sudoeste da Bahia, localizado no munic\u00edpio de Itoror\u00f3, realizou a formatura de 150 estudantes concluintes dos cursos t\u00e9cnicos de n\u00edvel m\u00e9dio em Inform\u00e1tica, Zootecnia, Enfermagem, Nutri\u00e7\u00e3o, An\u00e1lises Cl\u00ednicas, Administra\u00e7\u00e3o, Agroecologia, Agroind\u00fastria e Meio Ambiente. A cerim\u00f4nia solene foi realizada na Igreja Matriz de Itoror\u00f3 e contou com a participa\u00e7\u00e3o de gestores, professores e familiares dos formandos.<\/p>\n<p>A estudante J\u00e9ssica Aguiar de Souza, 26, falou da emo\u00e7\u00e3o em concluir os estudos na unidade escolar. \u201cTerminei o curso t\u00e9cnico em Enfermagem e isto significa novas oportunidades de inser\u00e7\u00e3o no mundo do trabalho. Sendo esta a minha primeira formatura, conquistada com muitas dificuldades pessoais, me sinto muito feliz com esta importante vit\u00f3ria. Pretendo seguir a carreira, contribuindo na \u00e1rea com o aprendizado que obtive durante o curso no CETEP\u201d, revelou, emocionada.<\/p>\n<p>J\u00e1 graduado no Ensino Superior no curso de Gastronomia, Andr\u00e9 Ricardo da Silva, 33, resolveu fazer o curso t\u00e9cnico em Administra\u00e7\u00e3o como complemento para o exerc\u00edcio profissional. \u201cComo j\u00e1 sou formado, a minha emo\u00e7\u00e3o n\u00e3o \u00e9 a mesma de quem est\u00e1 se formando pela primeira vez, mas a sensa\u00e7\u00e3o de conquistar um novo diploma \u00e9 muito boa. Como tenho um empreendimento comercial ligado \u00e0 Gastronomia, a nova forma\u00e7\u00e3o vai complementar o meu conhecimento\u201d, contou.<\/p>\n<p><!--more--><\/p>\n<p>A diretora do CETEP, Sirlene Pereira de Jesus, ressaltou a import\u00e2ncia da unidade para a forma\u00e7\u00e3o profissional dos jovens no territ\u00f3rio. \u201cO CETEP se tornou uma refer\u00eancia de ensino na regi\u00e3o, pela oportunidade que de abrir portas no mundo do trabalho para os estudantes que saem daqui com uma forma\u00e7\u00e3o qualificada e respeitada no mercado. Tanto que a maioria dos nossos alunos logo se empregam ou abrem seu pr\u00f3prio neg\u00f3cio\u201d.<\/p>\n","protected":false},"excerpt":{"rendered":"<p>O Centro Territorial de Educa\u00e7\u00e3o Profissional (CETEP) M\u00e9dio Sudoeste da Bahia, localizado no munic\u00edpio de Itoror\u00f3, realizou a formatura de 150 estudantes concluintes dos cursos t\u00e9cnicos de n\u00edvel m\u00e9dio em Inform\u00e1tica, Zootecnia, Enfermagem, Nutri\u00e7\u00e3o, An\u00e1lises Cl\u00ednicas, Administra\u00e7\u00e3o, Agroecologia, Agroind\u00fastria e Meio Ambiente. A cerim\u00f4nia solene foi realizada na Igreja Matriz de Itoror\u00f3 e contou com [&hellip;]<\/p>\n","protected":false},"author":2,"featured_media":0,"comment_status":"open","ping_status":"open","sticky":false,"template":"","format":"standard","meta":{"_links_to":"","_links_to_target":""},"categories":[1],"tags":[25108,1145,1414],"_links":{"self":[{"href":"https:\/\/www.blogdothame.blog.br\/v1\/wp-json\/wp\/v2\/posts\/99662"}],"collection":[{"href":"https:\/\/www.blogdothame.blog.br\/v1\/wp-json\/wp\/v2\/posts"}],"about":[{"href":"https:\/\/www.blogdothame.blog.br\/v1\/wp-json\/wp\/v2\/types\/post"}],"author":[{"embeddable":true,"href":"https:\/\/www.blogdothame.blog.br\/v1\/wp-json\/wp\/v2\/users\/2"}],"replies":[{"embeddable":true,"href":"https:\/\/www.blogdothame.blog.br\/v1\/wp-json\/wp\/v2\/comments?post=99662"}],"version-history":[{"count":1,"href":"https:\/\/www.blogdothame.blog.br\/v1\/wp-json\/wp\/v2\/posts\/99662\/revisions"}],"predecessor-version":[{"id":99664,"href":"https:\/\/www.blogdothame.blog.br\/v1\/wp-json\/wp\/v2\/posts\/99662\/revisions\/99664"}],"wp:attachment":[{"href":"https:\/\/www.blogdothame.blog.br\/v1\/wp-json\/wp\/v2\/media?parent=99662"}],"wp:term":[{"taxonomy":"category","embeddable":true,"href":"https:\/\/www.blogdothame.blog.br\/v1\/wp-json\/wp\/v2\/categories?post=99662"},{"taxonomy":"post_tag","embeddable":true,"href":"https:\/\/www.blogdothame.blog.br\/v1\/wp-json\/wp\/v2\/tags?post=99662"}],"curies":[{"name":"wp","href":"https:\/\/api.w.org\/{rel}","templated":true}]}}