{"id":99250,"date":"2020-02-10T05:19:56","date_gmt":"2020-02-10T08:19:56","guid":{"rendered":"http:\/\/www.blogdothame.blog.br\/v1\/?p=99250"},"modified":"2020-02-10T08:21:32","modified_gmt":"2020-02-10T11:21:32","slug":"morre-jornalista-carlos-malluta-em-itabuna","status":"publish","type":"post","link":"https:\/\/www.blogdothame.blog.br\/v1\/2020\/02\/10\/morre-jornalista-carlos-malluta-em-itabuna\/","title":{"rendered":"Morre jornalista Carlos Malluta em Itabuna"},"content":{"rendered":"<p><img loading=\"lazy\" class=\"alignright size-medium wp-image-99251\" src=\"http:\/\/www.blogdothame.blog.br\/v1\/wp-content\/uploads\/2020\/02\/maluta-300x222.jpeg\" alt=\"maluta\" width=\"300\" height=\"222\" srcset=\"https:\/\/www.blogdothame.blog.br\/v1\/wp-content\/uploads\/2020\/02\/maluta-300x222.jpeg 300w, https:\/\/www.blogdothame.blog.br\/v1\/wp-content\/uploads\/2020\/02\/maluta.jpeg 368w\" sizes=\"(max-width: 300px) 100vw, 300px\" \/>O jornalista e publicit\u00e1rio\u00a0 Carlos Eduardo Favaron Malluta, que completaria 68 anos no pr\u00f3ximo dia 15, morreu na noite desta sexta-feira (7), no Hospital de Base Lu\u00eds Eduardo Magalh\u00e3es, em Itabuna. Ele estava internado desde o \u00faltimo s\u00e1bado, quando sofreu um infarto e foi levado para o CTI (Centro de Terapia Intensiva).<\/p>\n<p>Natural de S\u00e3o Paulo, dedicava-se a assessorias de imprensa, com um texto irretoc\u00e1vel, e tamb\u00e9m a fazer palestras. J\u00e1 foi assessor, por exemplo, da ACEI (Associa\u00e7\u00e3o Comercial e Empresarial de Itabuna) e atualmente assessorava a AABB (Associa\u00e7\u00e3o Atl\u00e9tica Banco do Brasil) na cidade.<\/p>\n<p>Era elegante no trato com as pessoas, procurava estar atento a assuntos ligados \u00e0 Educa\u00e7\u00e3o e at\u00e9 comparecer a eventos de indiscut\u00edvel interesse p\u00fablico. No s\u00e1bado, ali\u00e1s, reencontrou colegas de profiss\u00e3o num semin\u00e1rio em Itabuna que tratou do impacto das not\u00edcias falsas, as chamadas Fake News, na sociedade.<\/p>\n<p>O corpo \u00e9 velado no SAF e o hor\u00e1rio do sepultamento ainda n\u00e3o foi divulgado. Malluta deixou vi\u00fava e tr\u00eas filhos. (Diario Bahia)<\/p>\n","protected":false},"excerpt":{"rendered":"<p>O jornalista e publicit\u00e1rio\u00a0 Carlos Eduardo Favaron Malluta, que completaria 68 anos no pr\u00f3ximo dia 15, morreu na noite desta sexta-feira (7), no Hospital de Base Lu\u00eds Eduardo Magalh\u00e3es, em Itabuna. Ele estava internado desde o \u00faltimo s\u00e1bado, quando sofreu um infarto e foi levado para o CTI (Centro de Terapia Intensiva). Natural de S\u00e3o [&hellip;]<\/p>\n","protected":false},"author":2,"featured_media":0,"comment_status":"open","ping_status":"open","sticky":false,"template":"","format":"standard","meta":{"_links_to":"","_links_to_target":""},"categories":[1],"tags":[26519,39,426],"_links":{"self":[{"href":"https:\/\/www.blogdothame.blog.br\/v1\/wp-json\/wp\/v2\/posts\/99250"}],"collection":[{"href":"https:\/\/www.blogdothame.blog.br\/v1\/wp-json\/wp\/v2\/posts"}],"about":[{"href":"https:\/\/www.blogdothame.blog.br\/v1\/wp-json\/wp\/v2\/types\/post"}],"author":[{"embeddable":true,"href":"https:\/\/www.blogdothame.blog.br\/v1\/wp-json\/wp\/v2\/users\/2"}],"replies":[{"embeddable":true,"href":"https:\/\/www.blogdothame.blog.br\/v1\/wp-json\/wp\/v2\/comments?post=99250"}],"version-history":[{"count":1,"href":"https:\/\/www.blogdothame.blog.br\/v1\/wp-json\/wp\/v2\/posts\/99250\/revisions"}],"predecessor-version":[{"id":99252,"href":"https:\/\/www.blogdothame.blog.br\/v1\/wp-json\/wp\/v2\/posts\/99250\/revisions\/99252"}],"wp:attachment":[{"href":"https:\/\/www.blogdothame.blog.br\/v1\/wp-json\/wp\/v2\/media?parent=99250"}],"wp:term":[{"taxonomy":"category","embeddable":true,"href":"https:\/\/www.blogdothame.blog.br\/v1\/wp-json\/wp\/v2\/categories?post=99250"},{"taxonomy":"post_tag","embeddable":true,"href":"https:\/\/www.blogdothame.blog.br\/v1\/wp-json\/wp\/v2\/tags?post=99250"}],"curies":[{"name":"wp","href":"https:\/\/api.w.org\/{rel}","templated":true}]}}