{"id":98420,"date":"2020-01-13T14:55:59","date_gmt":"2020-01-13T17:55:59","guid":{"rendered":"http:\/\/www.blogdothame.blog.br\/v1\/?p=98420"},"modified":"2020-01-13T14:55:59","modified_gmt":"2020-01-13T17:55:59","slug":"serie-retrata-o-cotidiano-de-catadores-de-lixo","status":"publish","type":"post","link":"https:\/\/www.blogdothame.blog.br\/v1\/2020\/01\/13\/serie-retrata-o-cotidiano-de-catadores-de-lixo\/","title":{"rendered":"S\u00e9rie retrata o cotidiano de catadores de lixo"},"content":{"rendered":"<p><img loading=\"lazy\" class=\"alignright  wp-image-98421\" src=\"http:\/\/www.blogdothame.blog.br\/v1\/wp-content\/uploads\/2020\/01\/tve-ayaua-300x300.jpg\" alt=\"tve ayaua\" width=\"256\" height=\"256\" srcset=\"https:\/\/www.blogdothame.blog.br\/v1\/wp-content\/uploads\/2020\/01\/tve-ayaua-300x300.jpg 300w, https:\/\/www.blogdothame.blog.br\/v1\/wp-content\/uploads\/2020\/01\/tve-ayaua-150x150.jpg 150w, https:\/\/www.blogdothame.blog.br\/v1\/wp-content\/uploads\/2020\/01\/tve-ayaua.jpg 1000w\" sizes=\"(max-width: 256px) 100vw, 256px\" \/>A s\u00e9rie \u2018Aur\u00e1 &#8211; Eu Sou de L\u00e1\u2019, retrata a trajet\u00f3ria de cinco catadores que trabalharam no Aur\u00e1, o segundo maior lix\u00e3o a c\u00e9u aberto do pa\u00eds, localizado em Bel\u00e9m no Par\u00e1. Com cinco epis\u00f3dios, a produ\u00e7\u00e3o estreia no dia 13 de janeiro, na TVE, e ser\u00e1 exibida de segunda a sexta-feira, \u00e0s 20h30.<\/p>\n<p>A s\u00e9rie conta a hist\u00f3ria de vida de cinco catadores e acompanha, ao longo de dois anos, o cotidiano de trabalho dessas pessoas sobre as montanhas de lixo, o protesto de 24 horas que adiou o fechamento do Aur\u00e1 e, principalmente, o desafio de reconstruir a vida sem o local de acolhimento social, base fundamental para o sustento das fam\u00edlias.<\/p>\n<p>Dirigida por \u00darsula Vidal e Homero Fl\u00e1vio, a s\u00e9rie \u2018Aur\u00e1 &#8211; Eu Sou de L\u00e1\u2019 foi financiada pelo programa Brasil de Todas as Telas, da Ag\u00eancia Nacional de Cinema (Ancine), e poder\u00e1 ser acompanhada pelo Portal www.tve.ba.gov.br\/tveonline<\/p>\n","protected":false},"excerpt":{"rendered":"<p>A s\u00e9rie \u2018Aur\u00e1 &#8211; Eu Sou de L\u00e1\u2019, retrata a trajet\u00f3ria de cinco catadores que trabalharam no Aur\u00e1, o segundo maior lix\u00e3o a c\u00e9u aberto do pa\u00eds, localizado em Bel\u00e9m no Par\u00e1. Com cinco epis\u00f3dios, a produ\u00e7\u00e3o estreia no dia 13 de janeiro, na TVE, e ser\u00e1 exibida de segunda a sexta-feira, \u00e0s 20h30. A [&hellip;]<\/p>\n","protected":false},"author":2,"featured_media":0,"comment_status":"open","ping_status":"open","sticky":false,"template":"","format":"standard","meta":{"_links_to":"","_links_to_target":""},"categories":[1],"tags":[12898,26334,1021,9247,26335],"_links":{"self":[{"href":"https:\/\/www.blogdothame.blog.br\/v1\/wp-json\/wp\/v2\/posts\/98420"}],"collection":[{"href":"https:\/\/www.blogdothame.blog.br\/v1\/wp-json\/wp\/v2\/posts"}],"about":[{"href":"https:\/\/www.blogdothame.blog.br\/v1\/wp-json\/wp\/v2\/types\/post"}],"author":[{"embeddable":true,"href":"https:\/\/www.blogdothame.blog.br\/v1\/wp-json\/wp\/v2\/users\/2"}],"replies":[{"embeddable":true,"href":"https:\/\/www.blogdothame.blog.br\/v1\/wp-json\/wp\/v2\/comments?post=98420"}],"version-history":[{"count":1,"href":"https:\/\/www.blogdothame.blog.br\/v1\/wp-json\/wp\/v2\/posts\/98420\/revisions"}],"predecessor-version":[{"id":98422,"href":"https:\/\/www.blogdothame.blog.br\/v1\/wp-json\/wp\/v2\/posts\/98420\/revisions\/98422"}],"wp:attachment":[{"href":"https:\/\/www.blogdothame.blog.br\/v1\/wp-json\/wp\/v2\/media?parent=98420"}],"wp:term":[{"taxonomy":"category","embeddable":true,"href":"https:\/\/www.blogdothame.blog.br\/v1\/wp-json\/wp\/v2\/categories?post=98420"},{"taxonomy":"post_tag","embeddable":true,"href":"https:\/\/www.blogdothame.blog.br\/v1\/wp-json\/wp\/v2\/tags?post=98420"}],"curies":[{"name":"wp","href":"https:\/\/api.w.org\/{rel}","templated":true}]}}