{"id":98049,"date":"2019-12-26T08:42:00","date_gmt":"2019-12-26T11:42:00","guid":{"rendered":"http:\/\/www.blogdothame.blog.br\/v1\/?p=98049"},"modified":"2019-12-26T10:50:51","modified_gmt":"2019-12-26T13:50:51","slug":"98049","status":"publish","type":"post","link":"https:\/\/www.blogdothame.blog.br\/v1\/2019\/12\/26\/98049\/","title":{"rendered":"Brilho Grapi\u00fana encerra a programa\u00e7\u00e3o de Natal em Itabuna"},"content":{"rendered":"<p><img loading=\"lazy\" class=\"aligncenter  wp-image-98051\" src=\"http:\/\/www.blogdothame.blog.br\/v1\/wp-content\/uploads\/2019\/12\/FOTO-VIVIANE-CABRAL-7-1024x682.jpeg\" alt=\"FOTO VIVIANE CABRAL (7)\" width=\"418\" height=\"278\" srcset=\"https:\/\/www.blogdothame.blog.br\/v1\/wp-content\/uploads\/2019\/12\/FOTO-VIVIANE-CABRAL-7-1024x682.jpeg 1024w, https:\/\/www.blogdothame.blog.br\/v1\/wp-content\/uploads\/2019\/12\/FOTO-VIVIANE-CABRAL-7-300x200.jpeg 300w, https:\/\/www.blogdothame.blog.br\/v1\/wp-content\/uploads\/2019\/12\/FOTO-VIVIANE-CABRAL-7.jpeg 1280w\" sizes=\"(max-width: 418px) 100vw, 418px\" \/><\/p>\n<p>O projeto Brilho Grapi\u00fana encerrou a programa\u00e7\u00e3o de Natal na pra\u00e7a Olinto Leone de Itabuna, com pe\u00e7as teatrais, coral, voz e viol\u00e3o. Ao longo de 15 dias, o espa\u00e7o p\u00fablico iluminado e decorado com o clima de natal, atraiu a visita de crian\u00e7as, jovens, adultos e idosos de Itabuna e cidades circunvizinhas, que vivenciaram o esp\u00edrito natalino e contribu\u00edram para a oxigena\u00e7\u00e3o do com\u00e9rcio local.<\/p>\n<p><img loading=\"lazy\" class=\"alignright size-medium wp-image-98050\" src=\"http:\/\/www.blogdothame.blog.br\/v1\/wp-content\/uploads\/2019\/12\/FOTO-VIVIANE-CABRAL-9-300x200.jpeg\" alt=\"FOTO VIVIANE CABRAL (9)\" width=\"300\" height=\"200\" srcset=\"https:\/\/www.blogdothame.blog.br\/v1\/wp-content\/uploads\/2019\/12\/FOTO-VIVIANE-CABRAL-9-300x200.jpeg 300w, https:\/\/www.blogdothame.blog.br\/v1\/wp-content\/uploads\/2019\/12\/FOTO-VIVIANE-CABRAL-9-1024x682.jpeg 1024w, https:\/\/www.blogdothame.blog.br\/v1\/wp-content\/uploads\/2019\/12\/FOTO-VIVIANE-CABRAL-9.jpeg 1280w\" sizes=\"(max-width: 300px) 100vw, 300px\" \/>Para Sandra Rejane da Sweet Sister, que aproveitou o espa\u00e7o para expor e comercializar doces com cacau 100% e chocolate meio amargo, o momento foi importante n\u00e3o s\u00f3 para o seu neg\u00f3cio, mas para a cidade em geral que teve acesso gratuito a uma pra\u00e7a iluminada, com direito a pres\u00e9pio, papai noel e uma s\u00e9rie de atra\u00e7\u00f5es art\u00edstico-cultural.<\/p>\n<p>\u201cFoi uma oportunidade maravilhosa participar dessa feira. \u00c9 um projeto maravilhoso, que deve acontecer em todas as pra\u00e7as, pois a cidade ganha muita luz. O esp\u00edrito do natal reuniu pessoas de todas as idades e com defici\u00eancias especiais, todos juntos na pra\u00e7a\u201d, declarou Sandra.<\/p>\n<p><!--more--><\/p>\n<p>A arquiteta Rafaela Amaral visitou a pra\u00e7a com a fam\u00edlia e ficou encantada com o grande clima de natal no espa\u00e7o p\u00fablico. \u201cA pra\u00e7a ficou linda, muito movimentada todos os dias a noite. \u00c9 legal porque as fam\u00edlias aparecem com as crian\u00e7as, e todo mundo movimenta o com\u00e9rcio local\u201d.<\/p>\n<p>De acordo com a consultor do programa Empreender e coordenador do n\u00facleo de jovens, Valdemir Souza, a frase mais ouvida durante os dias do projeto \u00e9: &#8220;nunca vi nada parecido em Itabuna nesta \u00e9poca do ano&#8221;. \u201cA verdade \u00e9 que a pra\u00e7a virou um ponto tur\u00edstico para as fam\u00edlias levarem as crian\u00e7as e tirarem fotos\u201d.<\/p>\n<p>O presidente da ACI, S\u00e9rgio Velanes acompanhou o evento e elogiou o projeto, que nasceu no n\u00facleo de jovens do programa empreender, em desenvolvimento desde o m\u00eas de fevereiro na Associa\u00e7\u00e3o. \u201cA minha avalia\u00e7\u00e3o \u00e9 total sucesso e sem d\u00favida j\u00e1 est\u00e1 no calend\u00e1rio de 2020 que vai vir com muito mais ilumina\u00e7\u00e3o e mais presen\u00e7a das pessoas. Isso \u00e9 sucesso e desenvolvimento\u201d.<\/p>\n<p>Objetivo<\/p>\n<p>Ao conceber o projeto \u201cBrilho Grapi\u00fana\u201d, o N\u00facleo de Jovens Empreendedores da ACI teve como principal objetivo tornar a cidade de Itabuna mais atrativa no per\u00edodo das festividades natalinas, proporcionando um grande impacto visual nas pessoas que pelas ruas transitam, como tamb\u00e9m para as que visitam a cidade.<\/p>\n<p>Para desenvolver o projeto, os jovens empreendedores contaram com o patroc\u00ednio de empres\u00e1rios locais e a iniciativa do Movimento Empresarial Sul da Bahia em A\u00e7\u00e3o \u2013 Mesb, juntamente com a CDL de Itabuna, Prefeitura Municipal de Itabuna e a Funda\u00e7\u00e3o Itabunense de Cultura, Cidadania, Esporte e Turismo \u2013 FICC.<\/p>\n","protected":false},"excerpt":{"rendered":"<p>O projeto Brilho Grapi\u00fana encerrou a programa\u00e7\u00e3o de Natal na pra\u00e7a Olinto Leone de Itabuna, com pe\u00e7as teatrais, coral, voz e viol\u00e3o. Ao longo de 15 dias, o espa\u00e7o p\u00fablico iluminado e decorado com o clima de natal, atraiu a visita de crian\u00e7as, jovens, adultos e idosos de Itabuna e cidades circunvizinhas, que vivenciaram o [&hellip;]<\/p>\n","protected":false},"author":2,"featured_media":0,"comment_status":"open","ping_status":"open","sticky":false,"template":"","format":"standard","meta":{"_links_to":"","_links_to_target":""},"categories":[1],"tags":[39,1318,26248],"_links":{"self":[{"href":"https:\/\/www.blogdothame.blog.br\/v1\/wp-json\/wp\/v2\/posts\/98049"}],"collection":[{"href":"https:\/\/www.blogdothame.blog.br\/v1\/wp-json\/wp\/v2\/posts"}],"about":[{"href":"https:\/\/www.blogdothame.blog.br\/v1\/wp-json\/wp\/v2\/types\/post"}],"author":[{"embeddable":true,"href":"https:\/\/www.blogdothame.blog.br\/v1\/wp-json\/wp\/v2\/users\/2"}],"replies":[{"embeddable":true,"href":"https:\/\/www.blogdothame.blog.br\/v1\/wp-json\/wp\/v2\/comments?post=98049"}],"version-history":[{"count":3,"href":"https:\/\/www.blogdothame.blog.br\/v1\/wp-json\/wp\/v2\/posts\/98049\/revisions"}],"predecessor-version":[{"id":98054,"href":"https:\/\/www.blogdothame.blog.br\/v1\/wp-json\/wp\/v2\/posts\/98049\/revisions\/98054"}],"wp:attachment":[{"href":"https:\/\/www.blogdothame.blog.br\/v1\/wp-json\/wp\/v2\/media?parent=98049"}],"wp:term":[{"taxonomy":"category","embeddable":true,"href":"https:\/\/www.blogdothame.blog.br\/v1\/wp-json\/wp\/v2\/categories?post=98049"},{"taxonomy":"post_tag","embeddable":true,"href":"https:\/\/www.blogdothame.blog.br\/v1\/wp-json\/wp\/v2\/tags?post=98049"}],"curies":[{"name":"wp","href":"https:\/\/api.w.org\/{rel}","templated":true}]}}