{"id":97985,"date":"2019-12-21T09:59:28","date_gmt":"2019-12-21T12:59:28","guid":{"rendered":"http:\/\/www.blogdothame.blog.br\/v1\/?p=97985"},"modified":"2019-12-20T16:02:28","modified_gmt":"2019-12-20T19:02:28","slug":"auto-de-natal-do-brilho-grapiuna-promete-encantar-o-publico-em-itabuna","status":"publish","type":"post","link":"https:\/\/www.blogdothame.blog.br\/v1\/2019\/12\/21\/auto-de-natal-do-brilho-grapiuna-promete-encantar-o-publico-em-itabuna\/","title":{"rendered":"Auto de Natal do Brilho Grapi\u00fana promete encantar o p\u00fablico em Itabuna"},"content":{"rendered":"<p><img loading=\"lazy\" class=\"alignright size-medium wp-image-97986\" src=\"http:\/\/www.blogdothame.blog.br\/v1\/wp-content\/uploads\/2019\/12\/FOTO-VIVIANE-CABRAL-31-200x300.jpeg\" alt=\"FOTO VIVIANE CABRAL (3)\" width=\"200\" height=\"300\" srcset=\"https:\/\/www.blogdothame.blog.br\/v1\/wp-content\/uploads\/2019\/12\/FOTO-VIVIANE-CABRAL-31-200x300.jpeg 200w, https:\/\/www.blogdothame.blog.br\/v1\/wp-content\/uploads\/2019\/12\/FOTO-VIVIANE-CABRAL-31-682x1024.jpeg 682w, https:\/\/www.blogdothame.blog.br\/v1\/wp-content\/uploads\/2019\/12\/FOTO-VIVIANE-CABRAL-31.jpeg 853w\" sizes=\"(max-width: 200px) 100vw, 200px\" \/>Como parte da programa\u00e7\u00e3o do Brilho Grapi\u00fana, acontece na pr\u00f3xima segunda-feira (23), \u00e0s 19h30min, na Pra\u00e7a Olinto Leone, o espet\u00e1culo \u201cAuto de Natal\u201d organizado pelo ator regional, Marco N\u00f4 e contar\u00e1 com ilumina\u00e7\u00e3o especial, tel\u00e3o, sonoriza\u00e7\u00e3o profissional e efeitos especiais. A apresenta\u00e7\u00e3o \u00e9 uma das atra\u00e7\u00f5es do \u00faltimo dia do projeto que est\u00e1 sendo realizado desde o in\u00edcio do m\u00eas de dezembro, das 18 \u00e0s 22hs, com exposi\u00e7\u00e3o e comercializa\u00e7\u00e3o de produtos, al\u00e9m de outras apresenta\u00e7\u00f5es art\u00edstico-cultural.<\/p>\n<p>O Auto de Natal \u00e9 um espet\u00e1culo que prop\u00f5e, atrav\u00e9s da m\u00fasica, teatro e dan\u00e7a reacender a chama do amor ao pr\u00f3ximo e as suas diferen\u00e7as. Reacendendo o profundo sentimento de f\u00e9 e esperan\u00e7a com trechos b\u00edblicos que narram o nascimento de Jesus, demonstrando todo seu amor e relembrando assim o verdadeiro sentido do Natal.<\/p>\n<p>Valdemir Souza, consultor do programa Empreender da ACI e que integra a comiss\u00e3o organizadora do Brilho Grapi\u00fana, destaca que o p\u00fablico pode esperar muita emo\u00e7\u00e3o. \u201cO auto de Natal ser\u00e1 pura emo\u00e7\u00e3o nesta celebra\u00e7\u00e3o da vida e tamb\u00e9m uma oportunidade de reunir a fam\u00edlia para acompanhar um espet\u00e1culo de qualidade totalmente gratuito\u201d, disse.<\/p>\n<p><!--more--><\/p>\n<p>O Brilho Grapi\u00fana \u00e9\u00a0um projeto desenvolvido pelo n\u00facleo de jovens empreendedores da Associa\u00e7\u00e3o Comercial e Empresarial de Itabuna \u2013 ACI e a iniciativa do Movimento Empresarial Sul da Bahia em A\u00e7\u00e3o \u2013 Mesb, juntamente com a CDL de Itabuna,<\/p>\n<p>O projeto Brilho Grapi\u00fana acontece desde o dia 10\/12, com exposi\u00e7\u00e3o e comercializa\u00e7\u00e3o de micro e pequenos empreendedores locais, al\u00e9m de uma ampla programa\u00e7\u00e3o de atra\u00e7\u00f5es art\u00edstico-cultural.<\/p>\n<p>Ao longo desse per\u00edodo, um estande foi montado para a doa\u00e7\u00e3o dos alimentos n\u00e3o perec\u00edveis e ao final, toda a arrecada\u00e7\u00e3o ser\u00e1 distribu\u00edda entre fam\u00edlias necessitadas e institui\u00e7\u00f5es filantr\u00f3picas do munic\u00edpio.<\/p>\n","protected":false},"excerpt":{"rendered":"<p>Como parte da programa\u00e7\u00e3o do Brilho Grapi\u00fana, acontece na pr\u00f3xima segunda-feira (23), \u00e0s 19h30min, na Pra\u00e7a Olinto Leone, o espet\u00e1culo \u201cAuto de Natal\u201d organizado pelo ator regional, Marco N\u00f4 e contar\u00e1 com ilumina\u00e7\u00e3o especial, tel\u00e3o, sonoriza\u00e7\u00e3o profissional e efeitos especiais. A apresenta\u00e7\u00e3o \u00e9 uma das atra\u00e7\u00f5es do \u00faltimo dia do projeto que est\u00e1 sendo realizado [&hellip;]<\/p>\n","protected":false},"author":2,"featured_media":0,"comment_status":"open","ping_status":"open","sticky":false,"template":"","format":"standard","meta":{"_links_to":"","_links_to_target":""},"categories":[1],"tags":[26095,26094,39],"_links":{"self":[{"href":"https:\/\/www.blogdothame.blog.br\/v1\/wp-json\/wp\/v2\/posts\/97985"}],"collection":[{"href":"https:\/\/www.blogdothame.blog.br\/v1\/wp-json\/wp\/v2\/posts"}],"about":[{"href":"https:\/\/www.blogdothame.blog.br\/v1\/wp-json\/wp\/v2\/types\/post"}],"author":[{"embeddable":true,"href":"https:\/\/www.blogdothame.blog.br\/v1\/wp-json\/wp\/v2\/users\/2"}],"replies":[{"embeddable":true,"href":"https:\/\/www.blogdothame.blog.br\/v1\/wp-json\/wp\/v2\/comments?post=97985"}],"version-history":[{"count":1,"href":"https:\/\/www.blogdothame.blog.br\/v1\/wp-json\/wp\/v2\/posts\/97985\/revisions"}],"predecessor-version":[{"id":97987,"href":"https:\/\/www.blogdothame.blog.br\/v1\/wp-json\/wp\/v2\/posts\/97985\/revisions\/97987"}],"wp:attachment":[{"href":"https:\/\/www.blogdothame.blog.br\/v1\/wp-json\/wp\/v2\/media?parent=97985"}],"wp:term":[{"taxonomy":"category","embeddable":true,"href":"https:\/\/www.blogdothame.blog.br\/v1\/wp-json\/wp\/v2\/categories?post=97985"},{"taxonomy":"post_tag","embeddable":true,"href":"https:\/\/www.blogdothame.blog.br\/v1\/wp-json\/wp\/v2\/tags?post=97985"}],"curies":[{"name":"wp","href":"https:\/\/api.w.org\/{rel}","templated":true}]}}