{"id":97916,"date":"2019-12-19T08:42:34","date_gmt":"2019-12-19T11:42:34","guid":{"rendered":"http:\/\/www.blogdothame.blog.br\/v1\/?p=97916"},"modified":"2019-12-18T17:53:39","modified_gmt":"2019-12-18T20:53:39","slug":"ze-dirceu-lanca-livro-de-memorias-em-itabuna","status":"publish","type":"post","link":"https:\/\/www.blogdothame.blog.br\/v1\/2019\/12\/19\/ze-dirceu-lanca-livro-de-memorias-em-itabuna\/","title":{"rendered":"Z\u00e9 Dirceu lan\u00e7a livro de mem\u00f3rias em Itabuna"},"content":{"rendered":"<p><img loading=\"lazy\" class=\"alignleft  wp-image-97917\" src=\"http:\/\/www.blogdothame.blog.br\/v1\/wp-content\/uploads\/2019\/12\/Ze-D.jpg\" alt=\"Ze D\" width=\"357\" height=\"280\" srcset=\"https:\/\/www.blogdothame.blog.br\/v1\/wp-content\/uploads\/2019\/12\/Ze-D.jpg 569w, https:\/\/www.blogdothame.blog.br\/v1\/wp-content\/uploads\/2019\/12\/Ze-D-300x235.jpg 300w\" sizes=\"(max-width: 357px) 100vw, 357px\" \/>Figura fundamental na funda\u00e7\u00e3o e consolida\u00e7\u00e3o do PT, o ex-ministro Jos\u00e9 Dirceu estar\u00e1 em Itabuna para o lan\u00e7amento do livro &#8220;Z\u00e9 Dirceu \u2013 Mem\u00f3rias&#8221; \u2013 Volume I, nesta quinta-feira (19). O evento ser\u00e1 \u00e0s 18 horas, no Plen\u00e1rio da C\u00e2mara de Vereadores de Itabuna. O lan\u00e7amento da obra contar\u00e1 com a participa\u00e7\u00e3o de autoridades regionais e dirigentes de partidos de esquerda, al\u00e9m do novo presidente do PT Itabuna, Jackson Moreira.<\/p>\n<p>A obra\u00a0Z\u00e9 Dirceu \u2013 Mem\u00f3rias\u2026\u00a0foi escrita pelo ex-presidente nacional do PT e ex-ministro no per\u00edodo em que esteve na pris\u00e3o. Nela, conta os bastidores in\u00e9ditos da milit\u00e2ncia estudantil nos anos 1960, o ex\u00edlio e o treinamento para ser guerrilheiro em Cuba e detalhes como a cirurgia pl\u00e1stica para mudar o rosto, al\u00e9m da vida clandestina no pa\u00eds nos anos 1970.<br \/>\nNa volta \u00e0 legalidade, Dirceu conta a saga para fundar o Partido dos Trabalhadores (PT), do qual veio a se tornar presidente e os per\u00edodos dos governos Lula e Dilma Rousseff, que representam a chegada do maior partido de esquerda do Brasil ao poder central.<\/p>\n<p><!--more--><br \/>\nA obra traz segredos da pol\u00edtica interna do PT e dos governos Lula e Dilma Rousseff, al\u00e9m de sua passagem pela Casa Civil do primeiro Governo Lula. Dirceu ainda aborda luta contra a ditadura militar, a redemocratiza\u00e7\u00e3o, a queda de Fernando Collor e a oposi\u00e7\u00e3o ao Governo FHC. Dirceu tamb\u00e9m aborda um dos per\u00edodos mais duros para ele e PT, o julgamento do \u201cMensal\u00e3o\u201d.<\/p>\n","protected":false},"excerpt":{"rendered":"<p>Figura fundamental na funda\u00e7\u00e3o e consolida\u00e7\u00e3o do PT, o ex-ministro Jos\u00e9 Dirceu estar\u00e1 em Itabuna para o lan\u00e7amento do livro &#8220;Z\u00e9 Dirceu \u2013 Mem\u00f3rias&#8221; \u2013 Volume I, nesta quinta-feira (19). O evento ser\u00e1 \u00e0s 18 horas, no Plen\u00e1rio da C\u00e2mara de Vereadores de Itabuna. O lan\u00e7amento da obra contar\u00e1 com a participa\u00e7\u00e3o de autoridades regionais [&hellip;]<\/p>\n","protected":false},"author":2,"featured_media":0,"comment_status":"open","ping_status":"open","sticky":false,"template":"","format":"standard","meta":{"_links_to":"","_links_to_target":""},"categories":[1],"tags":[26217,39,8028,937,3530],"_links":{"self":[{"href":"https:\/\/www.blogdothame.blog.br\/v1\/wp-json\/wp\/v2\/posts\/97916"}],"collection":[{"href":"https:\/\/www.blogdothame.blog.br\/v1\/wp-json\/wp\/v2\/posts"}],"about":[{"href":"https:\/\/www.blogdothame.blog.br\/v1\/wp-json\/wp\/v2\/types\/post"}],"author":[{"embeddable":true,"href":"https:\/\/www.blogdothame.blog.br\/v1\/wp-json\/wp\/v2\/users\/2"}],"replies":[{"embeddable":true,"href":"https:\/\/www.blogdothame.blog.br\/v1\/wp-json\/wp\/v2\/comments?post=97916"}],"version-history":[{"count":1,"href":"https:\/\/www.blogdothame.blog.br\/v1\/wp-json\/wp\/v2\/posts\/97916\/revisions"}],"predecessor-version":[{"id":97918,"href":"https:\/\/www.blogdothame.blog.br\/v1\/wp-json\/wp\/v2\/posts\/97916\/revisions\/97918"}],"wp:attachment":[{"href":"https:\/\/www.blogdothame.blog.br\/v1\/wp-json\/wp\/v2\/media?parent=97916"}],"wp:term":[{"taxonomy":"category","embeddable":true,"href":"https:\/\/www.blogdothame.blog.br\/v1\/wp-json\/wp\/v2\/categories?post=97916"},{"taxonomy":"post_tag","embeddable":true,"href":"https:\/\/www.blogdothame.blog.br\/v1\/wp-json\/wp\/v2\/tags?post=97916"}],"curies":[{"name":"wp","href":"https:\/\/api.w.org\/{rel}","templated":true}]}}