{"id":97822,"date":"2019-12-17T06:30:56","date_gmt":"2019-12-17T09:30:56","guid":{"rendered":"http:\/\/www.blogdothame.blog.br\/v1\/?p=97822"},"modified":"2019-12-16T15:48:54","modified_gmt":"2019-12-16T18:48:54","slug":"escola-batista-da-california-realiza-mostra-de-artes","status":"publish","type":"post","link":"https:\/\/www.blogdothame.blog.br\/v1\/2019\/12\/17\/escola-batista-da-california-realiza-mostra-de-artes\/","title":{"rendered":"Escola Batista da Calif\u00f3rnia realiza Mostra de Artes"},"content":{"rendered":"<p>&nbsp;<\/p>\n<p><img loading=\"lazy\" class=\"aligncenter size-medium wp-image-97824\" src=\"http:\/\/www.blogdothame.blog.br\/v1\/wp-content\/uploads\/2019\/12\/volpi-3-300x225.jpg\" alt=\"volpi (3)\" width=\"300\" height=\"225\" srcset=\"https:\/\/www.blogdothame.blog.br\/v1\/wp-content\/uploads\/2019\/12\/volpi-3-300x225.jpg 300w, https:\/\/www.blogdothame.blog.br\/v1\/wp-content\/uploads\/2019\/12\/volpi-3-1024x768.jpg 1024w, https:\/\/www.blogdothame.blog.br\/v1\/wp-content\/uploads\/2019\/12\/volpi-3.jpg 1040w\" sizes=\"(max-width: 300px) 100vw, 300px\" \/>A Escola Batista da Calif\u00f3rnia, em Itabuna,\u00a0 realizou a\u00a0 VII Mostra de Artes. Evento tradicional no calend\u00e1rio letivo do estabelecimento, neste ano de 2019, a escola trouxe como tema norteador \u201cCriando e Pintando o Sete Com Alfredo Volpi\u201d. A mostra se traduz numa culmin\u00e2ncia de atividades envolvendo a \u00e1rea de Artes realizadas ao longo do ano letivo. Com apresenta\u00e7\u00f5es de m\u00fasica, teatro e dan\u00e7a, a mostra contou com a exposi\u00e7\u00e3o propriamente dita, com obras de artes elaboradas pelos pr\u00f3prios estudantes e ainda, cinemateca (com apresenta\u00e7\u00e3o de v\u00eddeos contando a hist\u00f3ria do artista homenageado) e participa\u00e7\u00e3o ativa das fam\u00edlias (pais e respons\u00e1veis).<\/p>\n<p><img loading=\"lazy\" class=\"aligncenter size-medium wp-image-97823\" src=\"http:\/\/www.blogdothame.blog.br\/v1\/wp-content\/uploads\/2019\/12\/volpi-2-300x225.jpg\" alt=\"volpi (2)\" width=\"300\" height=\"225\" srcset=\"https:\/\/www.blogdothame.blog.br\/v1\/wp-content\/uploads\/2019\/12\/volpi-2-300x225.jpg 300w, https:\/\/www.blogdothame.blog.br\/v1\/wp-content\/uploads\/2019\/12\/volpi-2-1024x768.jpg 1024w, https:\/\/www.blogdothame.blog.br\/v1\/wp-content\/uploads\/2019\/12\/volpi-2.jpg 1040w\" sizes=\"(max-width: 300px) 100vw, 300px\" \/><\/p>\n<p>A Secretaria Municipal da Educa\u00e7\u00e3o de Itabuna (SME) esteve representada pela diretora de Departamento de Educa\u00e7\u00e3o B\u00e1sica (DEB\/SME), professora Regiane Cruz, que justificou a aus\u00eancia da secret\u00e1ria, que ainda est\u00e1 em Salvador passando por um tratamento de sa\u00fade; pela assessora de Ensino Fundamental Anos Iniciais, professora V\u00e2nia Maria Menezes Borges (DEB\/SME); pela assessora de Sa\u00fade Escolar, F\u00e1tima Santa F\u00e9 Borges (DEB\/SME) e pela chefe do Setor de Organiza\u00e7\u00e3o Escolar do Departamento de Acompanhamento da Gest\u00e3o, professora Maria T\u00e2nia Pereira da Silva (SOE\/DAG\/SME).<\/p>\n<p><!--more--><\/p>\n<p><img loading=\"lazy\" class=\"alignright  wp-image-97825\" src=\"http:\/\/www.blogdothame.blog.br\/v1\/wp-content\/uploads\/2019\/12\/volpi-1-225x300.jpg\" alt=\"volpi (1)\" width=\"126\" height=\"168\" srcset=\"https:\/\/www.blogdothame.blog.br\/v1\/wp-content\/uploads\/2019\/12\/volpi-1-225x300.jpg 225w, https:\/\/www.blogdothame.blog.br\/v1\/wp-content\/uploads\/2019\/12\/volpi-1-768x1024.jpg 768w, https:\/\/www.blogdothame.blog.br\/v1\/wp-content\/uploads\/2019\/12\/volpi-1.jpg 780w\" sizes=\"(max-width: 126px) 100vw, 126px\" \/>A diretora da escola, professora Alrimar da Silva Bastos, explicou que, \u201cneste ano escolhemos homenagear o artista \u00edtalo-brasileiro Alfredo Volpi, conhecido como \u2018Mestre das Bandeirinhas\u2019, sobretudo pelo seu destaque como pintor da segunda gera\u00e7\u00e3o da arte p\u00f3s-moderna brasileira\u201d. Ela explica ainda que o projeto de Artes entra na sua s\u00e9tima edi\u00e7\u00e3o, tendo como p\u00fablico-alvo os estudantes dos 1\u00ba, 2\u00ba e 3\u00ba anos dos turnos Matutino e Vespertino, envolvendo aproximadamente 210 alunos que contaram com a coordena\u00e7\u00e3o das professoras \u00c2ngela Oliveira Rodrigues, Eleni dos Santos, In\u00eas Braitt Figueiredo Ferreira, Kaliene Santos Costa, Maria Antonieta de Souza Barbosa, Maria In\u00eas Amaral Correia, Mariluce Rodrigues da Silva, Rita de F\u00e1tima Santos Concei\u00e7\u00e3o e Val\u00e9ria Cruz Vieira. O projeto envolveu ainda os demais integrantes da equipe gestora e funcion\u00e1rios.<\/p>\n<p><img loading=\"lazy\" class=\"aligncenter size-medium wp-image-97828\" src=\"http:\/\/www.blogdothame.blog.br\/v1\/wp-content\/uploads\/2019\/12\/volpi-200-300x225.jpeg\" alt=\"volpi 200\" width=\"300\" height=\"225\" srcset=\"https:\/\/www.blogdothame.blog.br\/v1\/wp-content\/uploads\/2019\/12\/volpi-200-300x225.jpeg 300w, https:\/\/www.blogdothame.blog.br\/v1\/wp-content\/uploads\/2019\/12\/volpi-200-1024x768.jpeg 1024w, https:\/\/www.blogdothame.blog.br\/v1\/wp-content\/uploads\/2019\/12\/volpi-200.jpeg 1040w\" sizes=\"(max-width: 300px) 100vw, 300px\" \/><\/p>\n<p>Para a m\u00e3e Ana Paula de Jesus Silva, ao ver os seus dois filhos (Gustavo e Samanta) envolvidos com um projeto desta natureza, o seu cora\u00e7\u00e3o se sente feliz. Para ela, \u201cesse \u00e9 um trabalho diferenciado principalmente porque as crian\u00e7as se empolgam, se integram e se sentem empoderadas com aquilo que lhes \u00e9 oferecido, enquanto instrumento de reflex\u00e3o e comunica\u00e7\u00e3o art\u00edstica. Com o projeto, as crian\u00e7as desenvolvem a criatividade, a express\u00e3o, a socializa\u00e7\u00e3o e t\u00eam acesso a conhecimentos importantes\u201d, disse.<\/p>\n","protected":false},"excerpt":{"rendered":"<p>&nbsp; A Escola Batista da Calif\u00f3rnia, em Itabuna,\u00a0 realizou a\u00a0 VII Mostra de Artes. Evento tradicional no calend\u00e1rio letivo do estabelecimento, neste ano de 2019, a escola trouxe como tema norteador \u201cCriando e Pintando o Sete Com Alfredo Volpi\u201d. A mostra se traduz numa culmin\u00e2ncia de atividades envolvendo a \u00e1rea de Artes realizadas ao longo [&hellip;]<\/p>\n","protected":false},"author":2,"featured_media":0,"comment_status":"open","ping_status":"open","sticky":false,"template":"","format":"standard","meta":{"_links_to":"","_links_to_target":""},"categories":[1],"tags":[26197,39,26198,26196],"_links":{"self":[{"href":"https:\/\/www.blogdothame.blog.br\/v1\/wp-json\/wp\/v2\/posts\/97822"}],"collection":[{"href":"https:\/\/www.blogdothame.blog.br\/v1\/wp-json\/wp\/v2\/posts"}],"about":[{"href":"https:\/\/www.blogdothame.blog.br\/v1\/wp-json\/wp\/v2\/types\/post"}],"author":[{"embeddable":true,"href":"https:\/\/www.blogdothame.blog.br\/v1\/wp-json\/wp\/v2\/users\/2"}],"replies":[{"embeddable":true,"href":"https:\/\/www.blogdothame.blog.br\/v1\/wp-json\/wp\/v2\/comments?post=97822"}],"version-history":[{"count":3,"href":"https:\/\/www.blogdothame.blog.br\/v1\/wp-json\/wp\/v2\/posts\/97822\/revisions"}],"predecessor-version":[{"id":97829,"href":"https:\/\/www.blogdothame.blog.br\/v1\/wp-json\/wp\/v2\/posts\/97822\/revisions\/97829"}],"wp:attachment":[{"href":"https:\/\/www.blogdothame.blog.br\/v1\/wp-json\/wp\/v2\/media?parent=97822"}],"wp:term":[{"taxonomy":"category","embeddable":true,"href":"https:\/\/www.blogdothame.blog.br\/v1\/wp-json\/wp\/v2\/categories?post=97822"},{"taxonomy":"post_tag","embeddable":true,"href":"https:\/\/www.blogdothame.blog.br\/v1\/wp-json\/wp\/v2\/tags?post=97822"}],"curies":[{"name":"wp","href":"https:\/\/api.w.org\/{rel}","templated":true}]}}