{"id":97781,"date":"2019-12-16T11:30:46","date_gmt":"2019-12-16T14:30:46","guid":{"rendered":"http:\/\/www.blogdothame.blog.br\/v1\/?p=97781"},"modified":"2019-12-16T09:55:40","modified_gmt":"2019-12-16T12:55:40","slug":"natal-sem-fome-do-brilho-grapiuna-vai-beneficiar-entidades-de-itabuna-vai-beneficiar-entidades-de-itabuna","status":"publish","type":"post","link":"https:\/\/www.blogdothame.blog.br\/v1\/2019\/12\/16\/natal-sem-fome-do-brilho-grapiuna-vai-beneficiar-entidades-de-itabuna-vai-beneficiar-entidades-de-itabuna\/","title":{"rendered":"Natal sem fome do Brilho Grapi\u00fana vai beneficiar entidades de Itabuna   vai beneficiar entidades de Itabuna"},"content":{"rendered":"<p><img loading=\"lazy\" class=\"alignright  wp-image-97783\" src=\"http:\/\/www.blogdothame.blog.br\/v1\/wp-content\/uploads\/2019\/12\/natal-sem-fome1.jpeg\" alt=\"natal sem fome\" width=\"313\" height=\"313\" srcset=\"https:\/\/www.blogdothame.blog.br\/v1\/wp-content\/uploads\/2019\/12\/natal-sem-fome1.jpeg 1080w, https:\/\/www.blogdothame.blog.br\/v1\/wp-content\/uploads\/2019\/12\/natal-sem-fome1-150x150.jpeg 150w, https:\/\/www.blogdothame.blog.br\/v1\/wp-content\/uploads\/2019\/12\/natal-sem-fome1-300x300.jpeg 300w, https:\/\/www.blogdothame.blog.br\/v1\/wp-content\/uploads\/2019\/12\/natal-sem-fome1-1024x1024.jpeg 1024w\" sizes=\"(max-width: 313px) 100vw, 313px\" \/>O Brilho Grapi\u00fana est\u00e1 acontecendo na Pra\u00e7a Olinto Leone e encantando os moradores da cidade como uma op\u00e7\u00e3o de lazer para as fam\u00edlias, neste per\u00edodo t\u00e3o festivo e tamb\u00e9m despertando a solidariedade das pessoas para o Natal sem fome. O projeto funciona at\u00e9 o dia 23 de dezembro, sempre das 18 \u00e0s 22hs, com uma feira de neg\u00f3cios com empreendedores locais e apresenta\u00e7\u00f5es culturais.<\/p>\n<p>A ideia da campanha foi do N\u00facleo de Jovens Empreendedores da Associa\u00e7\u00e3o Comercial e Empresarial de Itabuna &#8211; ACI. Eles instalaram um ponto fixo na pra\u00e7a para receber doa\u00e7\u00f5es de alimentos n\u00e3o perec\u00edveis, e que ser\u00e3o distribu\u00eddos nas entidades sociais da cidade e tamb\u00e9m \u00e0s fam\u00edlias necessitadas, a fim de, proporcionar um natal mais digno para quem precisa.<\/p>\n<p>\u201cA nossa inten\u00e7\u00e3o \u00e9 poder colaborar com quem precisa e por isso, pedimos que a sociedade nos ajude doando alimentos. J\u00e1 temos, inclusive, doado alimentos para transeuntes que tem passado aqui na pra\u00e7a e solicitado. Ent\u00e3o, quanto mais alimentos chegarem, mais pessoas poder\u00e3o ter comida em suas mesas\u201d, destaca Wandressa Souza, organizadora do Brilho Grapi\u00fana.<\/p>\n<p>O evento \u00e9 promovido pelo N\u00facleo de Jovens Empreendedores da ACI, Prefeitura Municipal de Itabuna, Movimento Empresarial Sul da Bahia em A\u00e7\u00e3o &#8211; Mesb e CDL de Itabuna, em parceria com a Funda\u00e7\u00e3o Itabunense de Cultura, Cidadania, Esporte e Turismo \u2013 FICC.<\/p>\n","protected":false},"excerpt":{"rendered":"<p>O Brilho Grapi\u00fana est\u00e1 acontecendo na Pra\u00e7a Olinto Leone e encantando os moradores da cidade como uma op\u00e7\u00e3o de lazer para as fam\u00edlias, neste per\u00edodo t\u00e3o festivo e tamb\u00e9m despertando a solidariedade das pessoas para o Natal sem fome. O projeto funciona at\u00e9 o dia 23 de dezembro, sempre das 18 \u00e0s 22hs, com uma [&hellip;]<\/p>\n","protected":false},"author":2,"featured_media":0,"comment_status":"open","ping_status":"open","sticky":false,"template":"","format":"standard","meta":{"_links_to":"","_links_to_target":""},"categories":[1],"tags":[26094,26184],"_links":{"self":[{"href":"https:\/\/www.blogdothame.blog.br\/v1\/wp-json\/wp\/v2\/posts\/97781"}],"collection":[{"href":"https:\/\/www.blogdothame.blog.br\/v1\/wp-json\/wp\/v2\/posts"}],"about":[{"href":"https:\/\/www.blogdothame.blog.br\/v1\/wp-json\/wp\/v2\/types\/post"}],"author":[{"embeddable":true,"href":"https:\/\/www.blogdothame.blog.br\/v1\/wp-json\/wp\/v2\/users\/2"}],"replies":[{"embeddable":true,"href":"https:\/\/www.blogdothame.blog.br\/v1\/wp-json\/wp\/v2\/comments?post=97781"}],"version-history":[{"count":3,"href":"https:\/\/www.blogdothame.blog.br\/v1\/wp-json\/wp\/v2\/posts\/97781\/revisions"}],"predecessor-version":[{"id":97785,"href":"https:\/\/www.blogdothame.blog.br\/v1\/wp-json\/wp\/v2\/posts\/97781\/revisions\/97785"}],"wp:attachment":[{"href":"https:\/\/www.blogdothame.blog.br\/v1\/wp-json\/wp\/v2\/media?parent=97781"}],"wp:term":[{"taxonomy":"category","embeddable":true,"href":"https:\/\/www.blogdothame.blog.br\/v1\/wp-json\/wp\/v2\/categories?post=97781"},{"taxonomy":"post_tag","embeddable":true,"href":"https:\/\/www.blogdothame.blog.br\/v1\/wp-json\/wp\/v2\/tags?post=97781"}],"curies":[{"name":"wp","href":"https:\/\/api.w.org\/{rel}","templated":true}]}}