{"id":97679,"date":"2019-12-11T14:07:44","date_gmt":"2019-12-11T17:07:44","guid":{"rendered":"http:\/\/www.blogdothame.blog.br\/v1\/?p=97679"},"modified":"2019-12-11T15:11:59","modified_gmt":"2019-12-11T18:11:59","slug":"abertura-oficial-do-brilho-grapiuna-encanta-familias-e-movimenta-o-comercio-de-itabuna","status":"publish","type":"post","link":"https:\/\/www.blogdothame.blog.br\/v1\/2019\/12\/11\/abertura-oficial-do-brilho-grapiuna-encanta-familias-e-movimenta-o-comercio-de-itabuna\/","title":{"rendered":"Abertura oficial do Brilho Grapi\u00fana encanta fam\u00edlias e movimenta o com\u00e9rcio de Itabuna"},"content":{"rendered":"<p><img loading=\"lazy\" class=\"aligncenter  wp-image-97682\" src=\"http:\/\/www.blogdothame.blog.br\/v1\/wp-content\/uploads\/2019\/12\/FOTO-VIVIANE-CABRAL-3-682x1024.jpeg\" alt=\"FOTO VIVIANE CABRAL (3)\" width=\"281\" height=\"422\" srcset=\"https:\/\/www.blogdothame.blog.br\/v1\/wp-content\/uploads\/2019\/12\/FOTO-VIVIANE-CABRAL-3-682x1024.jpeg 682w, https:\/\/www.blogdothame.blog.br\/v1\/wp-content\/uploads\/2019\/12\/FOTO-VIVIANE-CABRAL-3-200x300.jpeg 200w, https:\/\/www.blogdothame.blog.br\/v1\/wp-content\/uploads\/2019\/12\/FOTO-VIVIANE-CABRAL-3.jpeg 853w\" sizes=\"(max-width: 281px) 100vw, 281px\" \/><\/p>\n<p>O projeto Brilho Grapi\u00fana foi aberto oficialmente ontem (10), na Pra\u00e7a Olinto Leone com uma solenidade que contou com a participa\u00e7\u00e3o do N\u00facleo de Jovens Empreendedores da ACI que idealizou a a\u00e7\u00e3o, e os parceiros: Movimento Empresarial Sul da Bahia em A\u00e7\u00e3o \u2013 Mesb, CDL de Itabuna, Prefeitura Municipal de Itabuna e a Funda\u00e7\u00e3o Itabunense de Cultura, Cidadania, Esporte e Turismo \u2013 FICC.<\/p>\n<p><img loading=\"lazy\" class=\"alignright size-medium wp-image-97680\" src=\"http:\/\/www.blogdothame.blog.br\/v1\/wp-content\/uploads\/2019\/12\/FOTO-VIVIANE-CABRAL-11-300x200.jpeg\" alt=\"FOTO VIVIANE CABRAL (11)\" width=\"300\" height=\"200\" srcset=\"https:\/\/www.blogdothame.blog.br\/v1\/wp-content\/uploads\/2019\/12\/FOTO-VIVIANE-CABRAL-11-300x200.jpeg 300w, https:\/\/www.blogdothame.blog.br\/v1\/wp-content\/uploads\/2019\/12\/FOTO-VIVIANE-CABRAL-11-1024x682.jpeg 1024w, https:\/\/www.blogdothame.blog.br\/v1\/wp-content\/uploads\/2019\/12\/FOTO-VIVIANE-CABRAL-11.jpeg 1280w\" sizes=\"(max-width: 300px) 100vw, 300px\" \/>A pra\u00e7a recebeu uma ilumina\u00e7\u00e3o especial de natal, um pres\u00e9pio, a casa e o tren\u00f3 do Papel Noel, al\u00e9m de um portal e a tradicional \u00e1rvore de natal. Durante o ato de abertura, a organizadora, Wandressa Souza, destacou a import\u00e2ncia de iluminar a cidade e promover a\u00e7\u00f5es que fortale\u00e7am o com\u00e9rcio local e despertem o interesse das fam\u00edlias em ocupar as pra\u00e7as, valorizando a cultura regional.<\/p>\n<p>A abertura contou ainda com a presen\u00e7a do presidente da ACI, S\u00e9rgio Velanes, o presidente da CDL, Carlos Leahy e o presidente da FICC, Daniel Le\u00e3o. A anima\u00e7\u00e3o ficou por conta do Instituto de Flautas, apresenta\u00e7\u00f5es do Teatro M\u00e1gico e Carlos Santana. O ponto alto foi a chegada de Papai Noel que encantou as crian\u00e7as e fez a alegria dos adultos que estavam na pra\u00e7a.<\/p>\n<p><!--more--><\/p>\n<p><img loading=\"lazy\" class=\"alignleft size-medium wp-image-97681\" src=\"http:\/\/www.blogdothame.blog.br\/v1\/wp-content\/uploads\/2019\/12\/FOTO-VIVIANE-CABRAL-15-300x200.jpeg\" alt=\"FOTO VIVIANE CABRAL (15)\" width=\"300\" height=\"200\" srcset=\"https:\/\/www.blogdothame.blog.br\/v1\/wp-content\/uploads\/2019\/12\/FOTO-VIVIANE-CABRAL-15-300x200.jpeg 300w, https:\/\/www.blogdothame.blog.br\/v1\/wp-content\/uploads\/2019\/12\/FOTO-VIVIANE-CABRAL-15-1024x682.jpeg 1024w, https:\/\/www.blogdothame.blog.br\/v1\/wp-content\/uploads\/2019\/12\/FOTO-VIVIANE-CABRAL-15.jpeg 1280w\" sizes=\"(max-width: 300px) 100vw, 300px\" \/>O Brilho Grapi\u00fana segue at\u00e9 o dia 23 de dezembro aberto ao p\u00fablico, com exposi\u00e7\u00e3o e comercializa\u00e7\u00e3o de produtos de micro e pequenos empreendedores e apresenta\u00e7\u00f5es culturais para toda a fam\u00edlia das 18h \u00e0s 22h.<\/p>\n<p>Programa\u00e7\u00e3o Brilho Grapi\u00fana<\/p>\n<p>Dia 11 &#8211; Coral Chico de Assis, Aline Kallil<\/p>\n<p>Dia 12 &#8211; Escola Municipal de Dan\u00e7a, Pablo Shau\u00ed e Banda<\/p>\n<p>Dia 13 &#8211; Coral da Igreja Batista Esperan\u00e7a, Jorge Cardeal<\/p>\n<p>Dia 14 &#8211; Jan Costa, S\u00e9rgio Sep\u00falveda e Emerson Mozart<\/p>\n<p>Dia 15 &#8211; Coral Lar Fabiano de Cristo, Adilson Nascimento e Ricardo Matos<\/p>\n<p>Dia 16 &#8211; Carlo Penza e Jan Costa<\/p>\n<p>Dia 17 &#8211; Anderson e Luiza<\/p>\n<p>Dia 18 &#8211; Coral Igreja Presbiteriana Jardim das Oliveiras, Dey James e Ellen Mell<\/p>\n<p>Dia 19 &#8211; Coral da Ceplac, Silvano e Carla<\/p>\n<p>Dia 20 &#8211; Banda Marcial Lobos Guerreiros \u2013 CAIC, Bia Reis<\/p>\n<p>Dia 21 &#8211; Banda Face de V\u00eanus<\/p>\n<p>Dia 22 &#8211; Teatro de Bonecos \u2013 CIA Sonhos e Movimentos, Banda Nova Planta<\/p>\n<p>Dia 23 &#8211; Coral da Igreja Batista Esperan\u00e7a, Rafael Pin, Auto de Natal \u2013 Dire\u00e7\u00e3o Marco N\u00f4<\/p>\n<p>&nbsp;<\/p>\n<p>&nbsp;<\/p>\n","protected":false},"excerpt":{"rendered":"<p>O projeto Brilho Grapi\u00fana foi aberto oficialmente ontem (10), na Pra\u00e7a Olinto Leone com uma solenidade que contou com a participa\u00e7\u00e3o do N\u00facleo de Jovens Empreendedores da ACI que idealizou a a\u00e7\u00e3o, e os parceiros: Movimento Empresarial Sul da Bahia em A\u00e7\u00e3o \u2013 Mesb, CDL de Itabuna, Prefeitura Municipal de Itabuna e a Funda\u00e7\u00e3o Itabunense [&hellip;]<\/p>\n","protected":false},"author":2,"featured_media":0,"comment_status":"open","ping_status":"open","sticky":false,"template":"","format":"standard","meta":{"_links_to":"","_links_to_target":""},"categories":[1],"tags":[26094,39,1318],"_links":{"self":[{"href":"https:\/\/www.blogdothame.blog.br\/v1\/wp-json\/wp\/v2\/posts\/97679"}],"collection":[{"href":"https:\/\/www.blogdothame.blog.br\/v1\/wp-json\/wp\/v2\/posts"}],"about":[{"href":"https:\/\/www.blogdothame.blog.br\/v1\/wp-json\/wp\/v2\/types\/post"}],"author":[{"embeddable":true,"href":"https:\/\/www.blogdothame.blog.br\/v1\/wp-json\/wp\/v2\/users\/2"}],"replies":[{"embeddable":true,"href":"https:\/\/www.blogdothame.blog.br\/v1\/wp-json\/wp\/v2\/comments?post=97679"}],"version-history":[{"count":3,"href":"https:\/\/www.blogdothame.blog.br\/v1\/wp-json\/wp\/v2\/posts\/97679\/revisions"}],"predecessor-version":[{"id":97695,"href":"https:\/\/www.blogdothame.blog.br\/v1\/wp-json\/wp\/v2\/posts\/97679\/revisions\/97695"}],"wp:attachment":[{"href":"https:\/\/www.blogdothame.blog.br\/v1\/wp-json\/wp\/v2\/media?parent=97679"}],"wp:term":[{"taxonomy":"category","embeddable":true,"href":"https:\/\/www.blogdothame.blog.br\/v1\/wp-json\/wp\/v2\/categories?post=97679"},{"taxonomy":"post_tag","embeddable":true,"href":"https:\/\/www.blogdothame.blog.br\/v1\/wp-json\/wp\/v2\/tags?post=97679"}],"curies":[{"name":"wp","href":"https:\/\/api.w.org\/{rel}","templated":true}]}}