{"id":97594,"date":"2019-12-09T16:30:01","date_gmt":"2019-12-09T19:30:01","guid":{"rendered":"http:\/\/www.blogdothame.blog.br\/v1\/?p=97594"},"modified":"2019-12-09T11:53:11","modified_gmt":"2019-12-09T14:53:11","slug":"papai-noel-abre-a-programacao-oficial-do-brilho-grapiuna","status":"publish","type":"post","link":"https:\/\/www.blogdothame.blog.br\/v1\/2019\/12\/09\/papai-noel-abre-a-programacao-oficial-do-brilho-grapiuna\/","title":{"rendered":"Papai Noel abre a programa\u00e7\u00e3o oficial do Brilho Grapi\u00fana"},"content":{"rendered":"<p><img loading=\"lazy\" class=\"alignleft  wp-image-97595\" src=\"http:\/\/www.blogdothame.blog.br\/v1\/wp-content\/uploads\/2019\/12\/papi.jpeg\" alt=\"papi\" width=\"174\" height=\"345\" srcset=\"https:\/\/www.blogdothame.blog.br\/v1\/wp-content\/uploads\/2019\/12\/papi.jpeg 375w, https:\/\/www.blogdothame.blog.br\/v1\/wp-content\/uploads\/2019\/12\/papi-151x300.jpeg 151w\" sizes=\"(max-width: 174px) 100vw, 174px\" \/>Uma grande festa est\u00e1 sendo preparada para receber o Papai Noel na abertura do projeto \u201cBrilho Grapi\u00fana\u201d, nesta ter\u00e7a-feira, 10, \u00e0s 18 horas, na pra\u00e7a Olinto Leone, em Itabuna. O bom velhinho ser\u00e1 recepcionado pelas pessoas que circulam no centro da cidade, ao som de coral, atra\u00e7\u00f5es musicais em um espa\u00e7o com ilumina\u00e7\u00e3o especial de natal.<\/p>\n<p>O evento \u00e9 promovido pelo N\u00facleo de Jovens Empreendedores da ACI, Movimento Empresarial Sul da Bahia em A\u00e7\u00e3o &#8211; Mesb e CDL de Itabuna, em parceria com a Funda\u00e7\u00e3o Itabunense de Cultura, Cidadania, Esporte e Turismo \u2013 FICC.<\/p>\n<p>De acordo com o coordenador do Mesb, Ronaldo Abude, \u201cser\u00e1 um momento muito especial e \u00fanico. \u00c9 a primeira vez que teremos algo dessa magnitude na cidade, que al\u00e9m de atrair as fam\u00edlias, ir\u00e1 beneficiar o com\u00e9rcio atraindo ainda mais clientes\u201d, pontuou.<\/p>\n<p>O projeto Brilho Grapi\u00fana acontece entre os dias 9 e 23 de dezembro, com exposi\u00e7\u00e3o e comercializa\u00e7\u00e3o de micro e pequenos empreendedores locais, al\u00e9m de uma ampla programa\u00e7\u00e3o de atra\u00e7\u00f5es art\u00edstico-cultural.<\/p>\n<p>Ao longo de 15 dias de evento haver\u00e1 na pra\u00e7a um estande espec\u00edfico para a doa\u00e7\u00e3o dos alimentos n\u00e3o perec\u00edveis e ao final, toda a arrecada\u00e7\u00e3o ser\u00e1 distribu\u00edda entre fam\u00edlias necessitadas e institui\u00e7\u00f5es filantr\u00f3picas do munic\u00edpio.<\/p>\n<p><!--more--><\/p>\n<p>Atra\u00e7\u00f5es<\/p>\n<p>No primeiro dia, segunda-feira (9), acontece a feira de neg\u00f3cios, com ilumina\u00e7\u00e3o da pra\u00e7a. J\u00e1 na ter\u00e7a-feira, 10, est\u00e1 prevista a chegada do Papai Noel na pra\u00e7a Olinto Leone \u00e0s 18h e abertura oficial das atividades, com:\u00a0 Coral &#8211; Carlos Oliveira \u2013 Instituto de Flautas; Atra\u00e7\u00e3o Musical \u2013 Teatro M\u00e1gico; Voz e Viol\u00e3o &#8211; Carlos Santana.<\/p>\n<p>Dia 11\/12 \u2013 Coral Chico de Assis; Atra\u00e7\u00e3o Musical \u2013 Aline kalil; Dia 12\/12 \u2013 Coral; Atra\u00e7\u00e3o Musical \u2013 Jorge Cardeal; Dia 13\/12 &#8211; Atra\u00e7\u00e3o Musical \u2013 Lucas Hussein; Dia 14\/12 \u2013 Coral; Atra\u00e7\u00e3o Musical \u2013 Jan Costa, Sergio e Emerson; Dia 15\/12 \u2013 Coral Lar Fabiano de Cristo; Atra\u00e7\u00e3o Musical \u2013 Adilson e Ricardo; Dia 16\/12 \u2013 Coral; Atra\u00e7\u00e3o Musical- Carlo Penza e Jan Costa;<\/p>\n<p>Dia 17\/12 \u2013 Coral; Atra\u00e7\u00e3o Musical \u2013 Anderson e Luisa; Dia 18\/12 \u2013 Coral Igreja Presbiteriana Jardim das Oliveiras; Atra\u00e7\u00e3o Musical \u2013 Dey James e Ellen Mel; Dia 19\/12 \u2013 Coral Ceplac; Atra\u00e7\u00e3o Musical \u2013 Silvano e Carla; Dia 20\/12 \u2013 Cora Banda Marcial Lobos Guerreiros \u2013 CAIC; Atra\u00e7\u00e3o Musical &#8211; Bia Reis; Dia 21\/12 \u2013 Coral Teatro de Bonecos \u2013 CIA Sonhos e Movimentos; Atra\u00e7\u00e3o Musical \u2013 Banda Face de V\u00eanus; Dia 22\/12 \u2013 Coral; Atra\u00e7\u00e3o Musical &#8211; Emerson, Sergio e Jan; Dia 23\/12 \u2013 Coral da Igreja Batista Esperan\u00e7a; Atra\u00e7\u00e3o Musical &#8211; Rafael Pin; Auto de Natal \u2013 Marco N\u00f4.<\/p>\n","protected":false},"excerpt":{"rendered":"<p>Uma grande festa est\u00e1 sendo preparada para receber o Papai Noel na abertura do projeto \u201cBrilho Grapi\u00fana\u201d, nesta ter\u00e7a-feira, 10, \u00e0s 18 horas, na pra\u00e7a Olinto Leone, em Itabuna. O bom velhinho ser\u00e1 recepcionado pelas pessoas que circulam no centro da cidade, ao som de coral, atra\u00e7\u00f5es musicais em um espa\u00e7o com ilumina\u00e7\u00e3o especial de [&hellip;]<\/p>\n","protected":false},"author":2,"featured_media":0,"comment_status":"open","ping_status":"open","sticky":false,"template":"","format":"standard","meta":{"_links_to":"","_links_to_target":""},"categories":[1],"tags":[26094,39],"_links":{"self":[{"href":"https:\/\/www.blogdothame.blog.br\/v1\/wp-json\/wp\/v2\/posts\/97594"}],"collection":[{"href":"https:\/\/www.blogdothame.blog.br\/v1\/wp-json\/wp\/v2\/posts"}],"about":[{"href":"https:\/\/www.blogdothame.blog.br\/v1\/wp-json\/wp\/v2\/types\/post"}],"author":[{"embeddable":true,"href":"https:\/\/www.blogdothame.blog.br\/v1\/wp-json\/wp\/v2\/users\/2"}],"replies":[{"embeddable":true,"href":"https:\/\/www.blogdothame.blog.br\/v1\/wp-json\/wp\/v2\/comments?post=97594"}],"version-history":[{"count":1,"href":"https:\/\/www.blogdothame.blog.br\/v1\/wp-json\/wp\/v2\/posts\/97594\/revisions"}],"predecessor-version":[{"id":97596,"href":"https:\/\/www.blogdothame.blog.br\/v1\/wp-json\/wp\/v2\/posts\/97594\/revisions\/97596"}],"wp:attachment":[{"href":"https:\/\/www.blogdothame.blog.br\/v1\/wp-json\/wp\/v2\/media?parent=97594"}],"wp:term":[{"taxonomy":"category","embeddable":true,"href":"https:\/\/www.blogdothame.blog.br\/v1\/wp-json\/wp\/v2\/categories?post=97594"},{"taxonomy":"post_tag","embeddable":true,"href":"https:\/\/www.blogdothame.blog.br\/v1\/wp-json\/wp\/v2\/tags?post=97594"}],"curies":[{"name":"wp","href":"https:\/\/api.w.org\/{rel}","templated":true}]}}