{"id":97468,"date":"2019-12-04T16:28:02","date_gmt":"2019-12-04T19:28:02","guid":{"rendered":"http:\/\/www.blogdothame.blog.br\/v1\/?p=97468"},"modified":"2019-12-04T14:59:59","modified_gmt":"2019-12-04T17:59:59","slug":"operacao-verao-reforca-seguranca-com-25-mil-policiais-e-bombeiros","status":"publish","type":"post","link":"https:\/\/www.blogdothame.blog.br\/v1\/2019\/12\/04\/operacao-verao-reforca-seguranca-com-25-mil-policiais-e-bombeiros\/","title":{"rendered":"Opera\u00e7\u00e3o Ver\u00e3o refor\u00e7a seguran\u00e7a com 25 mil policiais e bombeiros"},"content":{"rendered":"<div id=\"attachment_97470\" style=\"width: 465px\" class=\"wp-caption aligncenter\"><img aria-describedby=\"caption-attachment-97470\" loading=\"lazy\" class=\" wp-image-97470\" src=\"http:\/\/www.blogdothame.blog.br\/v1\/wp-content\/uploads\/2019\/12\/op-verao-3.jpg\" alt=\"Pol\u00edcia Militar lan\u00e7a a Opera\u00e7\u00e3o Ver\u00e3o Foto: Carol Garcia\/GOVBA\" width=\"455\" height=\"303\" srcset=\"https:\/\/www.blogdothame.blog.br\/v1\/wp-content\/uploads\/2019\/12\/op-verao-3.jpg 512w, https:\/\/www.blogdothame.blog.br\/v1\/wp-content\/uploads\/2019\/12\/op-verao-3-300x200.jpg 300w\" sizes=\"(max-width: 455px) 100vw, 455px\" \/><p id=\"caption-attachment-97470\" class=\"wp-caption-text\">Pol\u00edcia Militar lan\u00e7a a Opera\u00e7\u00e3o Ver\u00e3o<br \/>Fotos: Carol Garcia\/GOVBA<\/p><\/div>\n<p>Turistas e baianos ter\u00e3o o refor\u00e7o de 25 mil policiais e bombeiros no trabalho ostensivo e preventivo em todo a Bahia durante a Opera\u00e7\u00e3o Ver\u00e3o 2019\/2020, lan\u00e7ada pelo Governo do Estado nesta quarta-feira (4), no Jardim dos Namorados, em Salvador. No esquema especial, que segue at\u00e9 29 de fevereiro, ser\u00e3o investidos mais de R$ 2,7 milh\u00f5es em plant\u00f5es extras. A Pol\u00edcia Militar (PMBA) empregar\u00e1 23 mil servidores a mais, o Corpo de Bombeiros ter\u00e1 3.175 profissionais, enquanto a Pol\u00edcia Civil disponibilizar\u00e1 327 servidores.<\/p>\n<p><img loading=\"lazy\" class=\"alignright size-medium wp-image-97469\" src=\"http:\/\/www.blogdothame.blog.br\/v1\/wp-content\/uploads\/2019\/12\/op-verao-1-300x200.jpg\" alt=\"Pol\u00edcia Militar lan\u00e7a a Opera\u00e7\u00e3o Ver\u00e3o Foto: Carol Garcia\/GOVBA\" width=\"300\" height=\"200\" srcset=\"https:\/\/www.blogdothame.blog.br\/v1\/wp-content\/uploads\/2019\/12\/op-verao-1-300x200.jpg 300w, https:\/\/www.blogdothame.blog.br\/v1\/wp-content\/uploads\/2019\/12\/op-verao-1.jpg 512w\" sizes=\"(max-width: 300px) 100vw, 300px\" \/>Durante o lan\u00e7amento da opera\u00e7\u00e3o, realizada pela Secretaria da Seguran\u00e7a P\u00fablica (SSP), foram apresentadas as estrat\u00e9gias da iniciativa, que englobam a\u00e7\u00f5es preventivas nas \u00e1reas litor\u00e2neas, nos pontos tur\u00edsticos e em eventos da capital, al\u00e9m de a\u00e7\u00f5es em outros 50 munic\u00edpios e localidades. \u201cEssa \u00e9 a 10\u00aa edi\u00e7\u00e3o dessa opera\u00e7\u00e3o, que tem uma import\u00e2ncia muito grande porque, al\u00e9m de transmitir a sensa\u00e7\u00e3o de seguran\u00e7a, ela reduz de forma significativa os \u00edndices de criminalidade\u201d, afirmou o subsecret\u00e1rio da SSP, Ary Pereira.<\/p>\n<p>Os servi\u00e7os de seguran\u00e7a ser\u00e3o refor\u00e7ados com o apoio de viaturas de duas e quatro rodas, aeronaves, lanchas, motos aqu\u00e1ticas, unidades de atendimento pr\u00e9-hospitalar, autobombas tanques, assim como animais da pol\u00edcia montada e c\u00e3es especializados em busca de pessoas e de materiais il\u00edcitos.<\/p>\n<p><!--more--><\/p>\n<p><img loading=\"lazy\" class=\"alignright size-medium wp-image-97473\" src=\"http:\/\/www.blogdothame.blog.br\/v1\/wp-content\/uploads\/2019\/12\/op-verao-2-300x200.jpg\" alt=\"Pol\u00edcia Militar lan\u00e7a a Opera\u00e7\u00e3o Ver\u00e3o Foto: Carol Garcia\/GOVBA\" width=\"300\" height=\"200\" srcset=\"https:\/\/www.blogdothame.blog.br\/v1\/wp-content\/uploads\/2019\/12\/op-verao-2-300x200.jpg 300w, https:\/\/www.blogdothame.blog.br\/v1\/wp-content\/uploads\/2019\/12\/op-verao-2.jpg 512w\" sizes=\"(max-width: 300px) 100vw, 300px\" \/>Para o comandante geral da PMBA, coronel Anselmo Brand\u00e3o, a opera\u00e7\u00e3o ser\u00e1 marcada pelo uso de tecnologia. \u201cUtilizaremos novas viaturas e equipamentos como drones, c\u00e2meras de reconhecimento facial e embarca\u00e7\u00f5es. Cada regi\u00e3o do estado contar\u00e1 com o policiamento, principalmente nos pontos tur\u00edsticos, para garantir a tranquilidade de todos\u201d, explicou.<\/p>\n<p>Tamb\u00e9m ser\u00e3o empregados guarda-vidas, mergulhadores e equipes de busca e salvamento. O p\u00fablico do exterior contar\u00e1 com policiais bil\u00edngues em pontos tur\u00edsticos e \u00e1reas de tr\u00e2nsito, como Pelourinho e Aeroporto. As unidades de registro de ocorr\u00eancias especializadas, a exemplo da Delegacia de Atendimento ao Turista (Deltur), e territoriais ter\u00e3o efetivo fortalecido.<\/p>\n<p>Entre as cidades e localidades litor\u00e2neas beneficiadas com o apoio policial est\u00e3o: Salvador, Lauro de Freitas, Porto Seguro, Arraial D&#8217;Ajuda, Trancoso, Santa Cruz Cabr\u00e1lia, Santo Amaro, Morro de S\u00e3o Paulo, Vera Cruz, Itaparica, Itabuna, Ilh\u00e9us,<\/p>\n","protected":false},"excerpt":{"rendered":"<p>Turistas e baianos ter\u00e3o o refor\u00e7o de 25 mil policiais e bombeiros no trabalho ostensivo e preventivo em todo a Bahia durante a Opera\u00e7\u00e3o Ver\u00e3o 2019\/2020, lan\u00e7ada pelo Governo do Estado nesta quarta-feira (4), no Jardim dos Namorados, em Salvador. No esquema especial, que segue at\u00e9 29 de fevereiro, ser\u00e3o investidos mais de R$ 2,7 [&hellip;]<\/p>\n","protected":false},"author":2,"featured_media":0,"comment_status":"open","ping_status":"open","sticky":false,"template":"","format":"standard","meta":{"_links_to":"","_links_to_target":""},"categories":[1],"tags":[16,5454,777],"_links":{"self":[{"href":"https:\/\/www.blogdothame.blog.br\/v1\/wp-json\/wp\/v2\/posts\/97468"}],"collection":[{"href":"https:\/\/www.blogdothame.blog.br\/v1\/wp-json\/wp\/v2\/posts"}],"about":[{"href":"https:\/\/www.blogdothame.blog.br\/v1\/wp-json\/wp\/v2\/types\/post"}],"author":[{"embeddable":true,"href":"https:\/\/www.blogdothame.blog.br\/v1\/wp-json\/wp\/v2\/users\/2"}],"replies":[{"embeddable":true,"href":"https:\/\/www.blogdothame.blog.br\/v1\/wp-json\/wp\/v2\/comments?post=97468"}],"version-history":[{"count":3,"href":"https:\/\/www.blogdothame.blog.br\/v1\/wp-json\/wp\/v2\/posts\/97468\/revisions"}],"predecessor-version":[{"id":97474,"href":"https:\/\/www.blogdothame.blog.br\/v1\/wp-json\/wp\/v2\/posts\/97468\/revisions\/97474"}],"wp:attachment":[{"href":"https:\/\/www.blogdothame.blog.br\/v1\/wp-json\/wp\/v2\/media?parent=97468"}],"wp:term":[{"taxonomy":"category","embeddable":true,"href":"https:\/\/www.blogdothame.blog.br\/v1\/wp-json\/wp\/v2\/categories?post=97468"},{"taxonomy":"post_tag","embeddable":true,"href":"https:\/\/www.blogdothame.blog.br\/v1\/wp-json\/wp\/v2\/tags?post=97468"}],"curies":[{"name":"wp","href":"https:\/\/api.w.org\/{rel}","templated":true}]}}