{"id":97464,"date":"2019-12-04T09:35:44","date_gmt":"2019-12-04T12:35:44","guid":{"rendered":"http:\/\/www.blogdothame.blog.br\/v1\/?p=97464"},"modified":"2019-12-04T08:43:51","modified_gmt":"2019-12-04T11:43:51","slug":"consorcio-nordeste-discute-compras-conjuntas-para-a-educacao","status":"publish","type":"post","link":"https:\/\/www.blogdothame.blog.br\/v1\/2019\/12\/04\/consorcio-nordeste-discute-compras-conjuntas-para-a-educacao\/","title":{"rendered":"Cons\u00f3rcio Nordeste discute compras conjuntas  para a Educa\u00e7\u00e3o"},"content":{"rendered":"<p><img loading=\"lazy\" class=\"alignleft size-medium wp-image-97465\" src=\"http:\/\/www.blogdothame.blog.br\/v1\/wp-content\/uploads\/2019\/12\/cn-300x200.jpg\" alt=\"cn\" width=\"300\" height=\"200\" srcset=\"https:\/\/www.blogdothame.blog.br\/v1\/wp-content\/uploads\/2019\/12\/cn-300x200.jpg 300w, https:\/\/www.blogdothame.blog.br\/v1\/wp-content\/uploads\/2019\/12\/cn-1024x682.jpg 1024w, https:\/\/www.blogdothame.blog.br\/v1\/wp-content\/uploads\/2019\/12\/cn.jpg 1280w\" sizes=\"(max-width: 300px) 100vw, 300px\" \/>Representantes das secretarias de Educa\u00e7\u00e3o de seis estados da regi\u00e3o Nordeste \u2013 Bahia, Sergipe, Cear\u00e1, Rio Grande do Norte, Maranh\u00e3 e Pernambuco \u2013 discutiram no Instituto An\u00edsio Teixeira (IAT), em Salvador, a\u00e7\u00f5es para a realiza\u00e7\u00e3o de compras conjuntas de insumos e servi\u00e7os para a Educa\u00e7\u00e3o. Estes e os demais estados nordestinos fazem parte da C\u00e2mara T\u00e9cnica Permanente de Compras e Licita\u00e7\u00f5es do Conselho Nacional de Secret\u00e1rios de Educa\u00e7\u00e3o (CONSED). *A iniciativa tamb\u00e9m faz parte da agenda do Cons\u00f3rcio Nordeste, que re\u00fane os governadores em torno de a\u00e7\u00f5es em comum para a regi\u00e3o, e objetiva otimizar a aplica\u00e7\u00e3o de recurso p\u00fablico.*<\/p>\n<p>O secret\u00e1rio da Educa\u00e7\u00e3o do Estado, Jer\u00f4nimo Rodrigues, falou da import\u00e2ncia da iniciativa. \u201cN\u00f3s temos uma outra agenda voltada para o campo pedag\u00f3gico, mas hoje, aqui, com a participa\u00e7\u00e3o da secretaria executiva do Cons\u00f3rcio, a nossa expectativa \u00e9 de fechamento de uma proposta de compras p\u00fablicas. Naturalmente que temos uma lista com diversas op\u00e7\u00f5es de equipamentos e sistemas de avalia\u00e7\u00e3o. O nosso foco \u00e9 em torno de quatro produtos que possamos comprar conjuntamente, a exemplo de kit escolar, carteiras e ar-condicionado. Esta iniciativa vai envolver o corpo t\u00e9cnico dos nove estados, com profissionais qualificados que ir\u00e3o fortalecer a unidade da Educa\u00e7\u00e3o no Nordeste\u201d, afirmou.<\/p>\n<p><!--more--><\/p>\n<p>A diretora geral da Secretaria da Educa\u00e7\u00e3o do Estado, Talita Nobre, explicou sobre os encaminhamentos do encontro. \u201cNesta reuni\u00e3o retomamos as pautas que foram validadas e discutidas pelos secret\u00e1rios que fazem parte do Cons\u00f3rcio Nordeste para darmos encaminhamentos a esta constru\u00e7\u00e3o de aquisi\u00e7\u00e3o coletiva de itens para a Educa\u00e7\u00e3o. Estamos fechando um cronograma de execu\u00e7\u00e3o, discutindo alguns t\u00f3picos que precisar\u00e3o ser validados pelos secret\u00e1rios, para que a gente possa fechar os termos de refer\u00eancia e publicar alguns editais. Esta \u00e9 uma pauta muito estrat\u00e9gica para o Nordeste. A Educa\u00e7\u00e3o ganha muito com esta discuss\u00e3o, que trar\u00e1 mais efici\u00eancia na aquisi\u00e7\u00e3o de itens que beneficiar\u00e3o a nossa rede\u201d, destacou.<\/p>\n<p>Para o representante da Secretaria da Educa\u00e7\u00e3o de Pernambuco, Anselmo Carvalho, a iniciativa otimizar\u00e1 os gastos p\u00fablicos. \u201cOs estados do Nordeste se uniram para realizar compras p\u00fablicas uniformizadas e trazendo mais economia. Este \u00e9 o nosso quarto encontro e tem sido muito proveitoso. O trabalho j\u00e1 avan\u00e7ou bastante e a expectativa agora \u00e9 definir as \u00faltimas a\u00e7\u00f5es para, efetivamente, haver publica\u00e7\u00e3o do primeiro edital dessa compra uniformizada e, com isso, otimizar os gastos p\u00fablicos e atingir melhores resultados na Educa\u00e7\u00e3o\u201d, comentou.<\/p>\n","protected":false},"excerpt":{"rendered":"<p>Representantes das secretarias de Educa\u00e7\u00e3o de seis estados da regi\u00e3o Nordeste \u2013 Bahia, Sergipe, Cear\u00e1, Rio Grande do Norte, Maranh\u00e3 e Pernambuco \u2013 discutiram no Instituto An\u00edsio Teixeira (IAT), em Salvador, a\u00e7\u00f5es para a realiza\u00e7\u00e3o de compras conjuntas de insumos e servi\u00e7os para a Educa\u00e7\u00e3o. Estes e os demais estados nordestinos fazem parte da C\u00e2mara [&hellip;]<\/p>\n","protected":false},"author":2,"featured_media":0,"comment_status":"open","ping_status":"open","sticky":false,"template":"","format":"standard","meta":{"_links_to":"","_links_to_target":""},"categories":[1],"tags":[26116,25009,60],"_links":{"self":[{"href":"https:\/\/www.blogdothame.blog.br\/v1\/wp-json\/wp\/v2\/posts\/97464"}],"collection":[{"href":"https:\/\/www.blogdothame.blog.br\/v1\/wp-json\/wp\/v2\/posts"}],"about":[{"href":"https:\/\/www.blogdothame.blog.br\/v1\/wp-json\/wp\/v2\/types\/post"}],"author":[{"embeddable":true,"href":"https:\/\/www.blogdothame.blog.br\/v1\/wp-json\/wp\/v2\/users\/2"}],"replies":[{"embeddable":true,"href":"https:\/\/www.blogdothame.blog.br\/v1\/wp-json\/wp\/v2\/comments?post=97464"}],"version-history":[{"count":1,"href":"https:\/\/www.blogdothame.blog.br\/v1\/wp-json\/wp\/v2\/posts\/97464\/revisions"}],"predecessor-version":[{"id":97466,"href":"https:\/\/www.blogdothame.blog.br\/v1\/wp-json\/wp\/v2\/posts\/97464\/revisions\/97466"}],"wp:attachment":[{"href":"https:\/\/www.blogdothame.blog.br\/v1\/wp-json\/wp\/v2\/media?parent=97464"}],"wp:term":[{"taxonomy":"category","embeddable":true,"href":"https:\/\/www.blogdothame.blog.br\/v1\/wp-json\/wp\/v2\/categories?post=97464"},{"taxonomy":"post_tag","embeddable":true,"href":"https:\/\/www.blogdothame.blog.br\/v1\/wp-json\/wp\/v2\/tags?post=97464"}],"curies":[{"name":"wp","href":"https:\/\/api.w.org\/{rel}","templated":true}]}}