{"id":97422,"date":"2019-12-04T18:15:06","date_gmt":"2019-12-04T21:15:06","guid":{"rendered":"http:\/\/www.blogdothame.blog.br\/v1\/?p=97422"},"modified":"2019-12-04T17:51:57","modified_gmt":"2019-12-04T20:51:57","slug":"centro-publico-de-economia-solidaria-inaugura-emporio-litoral-sul-em-itabuna","status":"publish","type":"post","link":"https:\/\/www.blogdothame.blog.br\/v1\/2019\/12\/04\/centro-publico-de-economia-solidaria-inaugura-emporio-litoral-sul-em-itabuna\/","title":{"rendered":"Centro P\u00fablico de Economia Solid\u00e1ria  inaugura   Emp\u00f3rio Litoral Sul em Itabuna"},"content":{"rendered":"<p><img loading=\"lazy\" class=\"aligncenter  wp-image-97426\" src=\"http:\/\/www.blogdothame.blog.br\/v1\/wp-content\/uploads\/2019\/12\/produtos-cesol-4-1024x768.jpg\" alt=\"produtos cesol (4)\" width=\"440\" height=\"330\" srcset=\"https:\/\/www.blogdothame.blog.br\/v1\/wp-content\/uploads\/2019\/12\/produtos-cesol-4.jpg 1024w, https:\/\/www.blogdothame.blog.br\/v1\/wp-content\/uploads\/2019\/12\/produtos-cesol-4-300x225.jpg 300w\" sizes=\"(max-width: 440px) 100vw, 440px\" \/><\/p>\n<p>Ser\u00e1 inaugurado em Itabuna, no pr\u00f3ximo dia 5 de dezembro, \u00e0s 17 horas, o Emp\u00f3rio Litoral Sul do Centros P\u00fablicos de Economia Solid\u00e1ria-Cesol. Localizada na pra\u00e7a Laurindo Concei\u00e7\u00e3o, ao lado da Catedral de S\u00e3o Jos\u00e9, a loja re\u00fane cerca de 130 associa\u00e7\u00f5es e cooperativas de 26 munic\u00edpios.<\/p>\n<div id=\"attachment_97423\" style=\"width: 187px\" class=\"wp-caption alignleft\"><img aria-describedby=\"caption-attachment-97423\" loading=\"lazy\" class=\" wp-image-97423\" src=\"http:\/\/www.blogdothame.blog.br\/v1\/wp-content\/uploads\/2019\/12\/cesol-tiago-3-274x300.jpg\" alt=\"Tiago Fernandes\" width=\"177\" height=\"194\" srcset=\"https:\/\/www.blogdothame.blog.br\/v1\/wp-content\/uploads\/2019\/12\/cesol-tiago-3-274x300.jpg 274w, https:\/\/www.blogdothame.blog.br\/v1\/wp-content\/uploads\/2019\/12\/cesol-tiago-3.jpg 877w\" sizes=\"(max-width: 177px) 100vw, 177px\" \/><p id=\"caption-attachment-97423\" class=\"wp-caption-text\">Tiago Fernandes<\/p><\/div>\n<p>No local, onde tamb\u00e9m funcionar\u00e1 a sede do Cesol, ser\u00e3o comercializados produtos como chocolates de origem como \u00a0Chocolates Embauba, Buri e marcas da Chocosul como Benevides, Coroa Azul, etc, cerveja e gel\u00e9ia de cacau, farinha, frutas cristalizadas, mel, pr\u00f3polis, camar\u00f5es e mariscos,\u00a0 al\u00e9m de artesanato, roupas, trajes de banho e vassouras feitas com garrafas pet recicladas.<\/p>\n<p>O Emp\u00f3rio Litoral Sul, que funcionar\u00e1 de segunda a s\u00e1bado das 8;30 \u00e0s 18:00 horas e aos s\u00e1bados, das 9:00 \u00e0s 13 horas, permitir\u00e1 a comercializa\u00e7\u00e3o de produtos da agricultura familiar, com toda a sua diversidade e foco na produ\u00e7\u00e3o org\u00e2nica, num um ambiente moderno e climatizado,\u00a0 que oferece conforto e comodidade para atender os clientes de Itabuna e regi\u00e3o.<\/p>\n<p><img loading=\"lazy\" class=\"aligncenter  wp-image-97424\" src=\"http:\/\/www.blogdothame.blog.br\/v1\/wp-content\/uploads\/2019\/12\/produtos-cesol-7-1024x768.jpg\" alt=\"produtos cesol (7)\" width=\"323\" height=\"243\" srcset=\"https:\/\/www.blogdothame.blog.br\/v1\/wp-content\/uploads\/2019\/12\/produtos-cesol-7.jpg 1024w, https:\/\/www.blogdothame.blog.br\/v1\/wp-content\/uploads\/2019\/12\/produtos-cesol-7-300x225.jpg 300w\" sizes=\"(max-width: 323px) 100vw, 323px\" \/><\/p>\n<p>De acordo com Thiago Fernandes, coordenador regional do Cesol Litoral Sul, \u201co Governo da Bahia est\u00e1 investindo na economia solid\u00e1ria e esse espa\u00e7o \u00a0ser\u00e1 um grande vetor de escoamento da produ\u00e7\u00e3o, \u00a0valorizando tanto o produtor quanto o consumidor que acredita num \u00a0com\u00e9rcio justo e na sustentabilidade\u201d.<\/p>\n<p>Para Davidson Magalh\u00e3es, secret\u00e1rio do Trabalho, Emprego, Renda e Esporte da Bahia (Setre), \u201c\u00e9 mais uma frente de comercializa\u00e7\u00e3o voltada para a expans\u00e3o do\u00a0trabalho associado, desenvolvimento sustent\u00e1vel, respeito \u00e0 vida e em busca de mais justi\u00e7a e inser\u00e7\u00e3o social\u201d.\u00a0O Governo do Estado incrementa, atrav\u00e9s da Setre, os Cesols desde 2013, e j\u00e1 atendeu 2.270 empreendimentos, mais de 10 mil fam\u00edlias contempladas.<\/p>\n<p>&nbsp;<\/p>\n<p>O CESOL<\/p>\n<p><img loading=\"lazy\" class=\"aligncenter  wp-image-97425\" src=\"http:\/\/www.blogdothame.blog.br\/v1\/wp-content\/uploads\/2019\/12\/produtos-cesol-2-768x1024.jpg\" alt=\"produtos cesol (2)\" width=\"287\" height=\"382\" srcset=\"https:\/\/www.blogdothame.blog.br\/v1\/wp-content\/uploads\/2019\/12\/produtos-cesol-2.jpg 768w, https:\/\/www.blogdothame.blog.br\/v1\/wp-content\/uploads\/2019\/12\/produtos-cesol-2-225x300.jpg 225w\" sizes=\"(max-width: 287px) 100vw, 287px\" \/><\/p>\n<p>Os Centros P\u00fablicos de Economia Solid\u00e1ria (Cesol\u2019s), ligados \u00e0 Secretaria do Trabalho, Emprego e Renda (Setre) do Governo da Bahia, \u00a0s\u00e3o espa\u00e7os multifuncionais p\u00fablicos, de car\u00e1ter comunit\u00e1rio, que se destinam a articular oportunidades de gera\u00e7\u00e3o, fortalecimento e promo\u00e7\u00e3o do trabalho coletivo baseado na economia solid\u00e1ria. Consistem em estruturas criadas e mantidas por meio de parceria entre o poder p\u00fablico e a sociedade civil organizada.<\/p>\n<p>Os Cesol\u2019s s\u00e3o uma a\u00e7\u00e3o prevista no Programa Bahia Solid\u00e1ria, com apoio financeiro do Fundo de Combate \u00e0 Pobreza \u2013 Funcep, atendendo uma das principais demandas dos atores sociais do movimento de economia solid\u00e1ria. O Cesol Litoral Sul, foi criado em 2013 e retoma as atividades com o apoio do governador Rui Costa, beneficiando cerca de 2 mil fam\u00edlias de 26 munic\u00edpios.<\/p>\n","protected":false},"excerpt":{"rendered":"<p>Ser\u00e1 inaugurado em Itabuna, no pr\u00f3ximo dia 5 de dezembro, \u00e0s 17 horas, o Emp\u00f3rio Litoral Sul do Centros P\u00fablicos de Economia Solid\u00e1ria-Cesol. Localizada na pra\u00e7a Laurindo Concei\u00e7\u00e3o, ao lado da Catedral de S\u00e3o Jos\u00e9, a loja re\u00fane cerca de 130 associa\u00e7\u00f5es e cooperativas de 26 munic\u00edpios. No local, onde tamb\u00e9m funcionar\u00e1 a sede do [&hellip;]<\/p>\n","protected":false},"author":2,"featured_media":0,"comment_status":"open","ping_status":"open","sticky":false,"template":"","format":"standard","meta":{"_links_to":"","_links_to_target":""},"categories":[1],"tags":[26108,26109,39,12612,26110],"_links":{"self":[{"href":"https:\/\/www.blogdothame.blog.br\/v1\/wp-json\/wp\/v2\/posts\/97422"}],"collection":[{"href":"https:\/\/www.blogdothame.blog.br\/v1\/wp-json\/wp\/v2\/posts"}],"about":[{"href":"https:\/\/www.blogdothame.blog.br\/v1\/wp-json\/wp\/v2\/types\/post"}],"author":[{"embeddable":true,"href":"https:\/\/www.blogdothame.blog.br\/v1\/wp-json\/wp\/v2\/users\/2"}],"replies":[{"embeddable":true,"href":"https:\/\/www.blogdothame.blog.br\/v1\/wp-json\/wp\/v2\/comments?post=97422"}],"version-history":[{"count":3,"href":"https:\/\/www.blogdothame.blog.br\/v1\/wp-json\/wp\/v2\/posts\/97422\/revisions"}],"predecessor-version":[{"id":97435,"href":"https:\/\/www.blogdothame.blog.br\/v1\/wp-json\/wp\/v2\/posts\/97422\/revisions\/97435"}],"wp:attachment":[{"href":"https:\/\/www.blogdothame.blog.br\/v1\/wp-json\/wp\/v2\/media?parent=97422"}],"wp:term":[{"taxonomy":"category","embeddable":true,"href":"https:\/\/www.blogdothame.blog.br\/v1\/wp-json\/wp\/v2\/categories?post=97422"},{"taxonomy":"post_tag","embeddable":true,"href":"https:\/\/www.blogdothame.blog.br\/v1\/wp-json\/wp\/v2\/tags?post=97422"}],"curies":[{"name":"wp","href":"https:\/\/api.w.org\/{rel}","templated":true}]}}