{"id":97347,"date":"2019-11-29T17:00:44","date_gmt":"2019-11-29T20:00:44","guid":{"rendered":"http:\/\/www.blogdothame.blog.br\/v1\/?p=97347"},"modified":"2019-11-29T15:12:34","modified_gmt":"2019-11-29T18:12:34","slug":"rui-inaugura-policlinica-regional-de-saude-em-simoes-filho","status":"publish","type":"post","link":"https:\/\/www.blogdothame.blog.br\/v1\/2019\/11\/29\/rui-inaugura-policlinica-regional-de-saude-em-simoes-filho\/","title":{"rendered":"Rui inaugura Policl\u00ednica Regional de Sa\u00fade em Sim\u00f5es Filho"},"content":{"rendered":"<p><img loading=\"lazy\" class=\"aligncenter  wp-image-97352\" src=\"http:\/\/www.blogdothame.blog.br\/v1\/wp-content\/uploads\/2019\/11\/poli-sf-2JPG.jpg\" alt=\"poli sf 2JPG\" width=\"390\" height=\"260\" srcset=\"https:\/\/www.blogdothame.blog.br\/v1\/wp-content\/uploads\/2019\/11\/poli-sf-2JPG.jpg 512w, https:\/\/www.blogdothame.blog.br\/v1\/wp-content\/uploads\/2019\/11\/poli-sf-2JPG-300x200.jpg 300w\" sizes=\"(max-width: 390px) 100vw, 390px\" \/><\/p>\n<p>A d\u00e9cima quinta Policl\u00ednica Regional de Sa\u00fade do Estado, primeira da Regi\u00e3o Metropolitana de Salvador, foi inaugurada pelo governador Rui Costa nesta sexta-feira (29), em Sim\u00f5es Filho. A partir de segunda-feira (2), servi\u00e7os ambulatoriais especializados e exames de alta complexidade estar\u00e3o \u00e0 disposi\u00e7\u00e3o para os cerca de 785 mil baianos que moram nos munic\u00edpios de Cama\u00e7ari, Conde, Dias D\u2019\u00c1vila, Lauro de Freitas, Mata de S\u00e3o Jo\u00e3o e Sim\u00f5es Filho. Rui tamb\u00e9m entregou oito ambul\u00e2ncias, cinco micro-\u00f4nibus e um Centro de Aten\u00e7\u00e3o Psicossocial (CAPS), anexo \u00e0 Unidade de Pronto Atendimento (UPA), no munic\u00edpio.<\/p>\n<p><img loading=\"lazy\" class=\"alignleft  wp-image-97348\" src=\"http:\/\/www.blogdothame.blog.br\/v1\/wp-content\/uploads\/2019\/11\/poli-sf-4.jpg\" alt=\"poli sf 4\" width=\"335\" height=\"223\" srcset=\"https:\/\/www.blogdothame.blog.br\/v1\/wp-content\/uploads\/2019\/11\/poli-sf-4.jpg 512w, https:\/\/www.blogdothame.blog.br\/v1\/wp-content\/uploads\/2019\/11\/poli-sf-4-300x200.jpg 300w\" sizes=\"(max-width: 335px) 100vw, 335px\" \/>De acordo com o governador, a melhor pol\u00edtica p\u00fablica de sa\u00fade \u00e9 a preven\u00e7\u00e3o e o diagn\u00f3stico precoce. &#8220;Sa\u00fade \u00e9 quando a popula\u00e7\u00e3o \u00e9 saud\u00e1vel, ou n\u00e3o tem doen\u00e7a, ou descobre a doen\u00e7a cedo, a tempo de tratar. \u00c9 isso que eu quero que a popula\u00e7\u00e3o fa\u00e7a, procure os postos de sa\u00fade. Os exames necess\u00e1rios ser\u00e3o solicitados pelo m\u00e9dico e o munic\u00edpio vai marcar esses exames e levar os pacientes, sem filas, no micro-\u00f4nibus, para fazerem os procedimentos na Policl\u00ednica&#8221;, explicou.<\/p>\n<p>Ainda na oportunidade, Rui Costa revelou que foram formados cons\u00f3rcios para a implanta\u00e7\u00e3o de mais cinco policl\u00ednicas. &#8220;Ser\u00e3o, ao todo, 24 policl\u00ednicas entregues at\u00e9 dezembro do ano que vem. Esse \u00e9 um modelo que s\u00f3 fica de p\u00e9 porque n\u00f3s conseguimos dar as m\u00e3os, munic\u00edpios e Governo do Estado. O investimento \u00e9 100% do Governo, para a implanta\u00e7\u00e3o do equipamento. Agora, o Estado entra com 40% do custeio e os 60% restantes ser\u00e3o divididos, proporcionalmente, pelos munic\u00edpios que formam o cons\u00f3rcio&#8221;.<\/p>\n<p><img loading=\"lazy\" class=\"aligncenter  wp-image-97350\" src=\"http:\/\/www.blogdothame.blog.br\/v1\/wp-content\/uploads\/2019\/11\/poli-sf-5.jpg\" alt=\"poli sf 5\" width=\"363\" height=\"242\" srcset=\"https:\/\/www.blogdothame.blog.br\/v1\/wp-content\/uploads\/2019\/11\/poli-sf-5.jpg 512w, https:\/\/www.blogdothame.blog.br\/v1\/wp-content\/uploads\/2019\/11\/poli-sf-5-300x200.jpg 300w\" sizes=\"(max-width: 363px) 100vw, 363px\" \/><\/p>\n<p>Para a presidente do cons\u00f3rcio e prefeita de Lauro de Freitas, Moema Gramacho, as policl\u00ednicas est\u00e3o dando resolutividade e proporcionando economia para os munic\u00edpios. &#8220;As prefeituras n\u00e3o t\u00eam condi\u00e7\u00e3o de adquirir e manter, sozinhas, equipamentos de alta tecnologia, como tom\u00f3grafos e aparelhos de resson\u00e2ncia magn\u00e9tica. Al\u00e9m da aquisi\u00e7\u00e3o dos equipamentos, o Governo do Estado ainda ajuda no custeio. As 14 policl\u00ednicas que j\u00e1 est\u00e3o atendendo os cons\u00f3rcios acabaram com os problemas das filas e dos exames que n\u00e3o eram encontrados. Com essa aqui n\u00e3o vai ser diferente&#8221;.<\/p>\n<p><!--more--><\/p>\n<p>Estrutura e especialidades<\/p>\n<p><img loading=\"lazy\" class=\"alignright  wp-image-97349\" src=\"http:\/\/www.blogdothame.blog.br\/v1\/wp-content\/uploads\/2019\/11\/poli-sf-1.jpg\" alt=\"poli sf 1\" width=\"332\" height=\"221\" srcset=\"https:\/\/www.blogdothame.blog.br\/v1\/wp-content\/uploads\/2019\/11\/poli-sf-1.jpg 512w, https:\/\/www.blogdothame.blog.br\/v1\/wp-content\/uploads\/2019\/11\/poli-sf-1-300x200.jpg 300w\" sizes=\"(max-width: 332px) 100vw, 332px\" \/>Com investimento superior a R$ 20 milh\u00f5es, entre obras, equipamentos e micro-\u00f4nibus, a nova Policl\u00ednica Regional de Sa\u00fade foi instalada em um pr\u00e9dio onde funcionava outro \u00f3rg\u00e3o do Governo do Estado. Na unidade ir\u00e3o trabalhar 106 profissionais. S\u00e3o m\u00e9dicos, enfermeiros, psic\u00f3logo, farmac\u00eautico, nutricionista, ouvidor, assessores t\u00e9cnicos, assistente social, t\u00e9cnicos em enfermagem, t\u00e9cnicos em radiologia e assistentes administrativos.<\/p>\n<p>No edif\u00edcio de tr\u00eas pavimentos, os pacientes ter\u00e3o acesso a uma variedade de especialidades m\u00e9dicas, a exemplo de angiologia, cardiologia, endocrinologia, gastrenterologia, neurologia, ortopedia, oftalmologia, otorrinolaringologia, ginecologia\/obstetr\u00edcia, mastologia e urologia. Tamb\u00e9m ser\u00e3o oferecidos diversos exames, como resson\u00e2ncia magn\u00e9tica, tomografia, mamografia, ultrassonografia com doppler, ecocardiografia, ergometria, mapa, holter, eletroencefalograma, eletromiografia, raio-X, eletrocardiograma, endoscopia, colonoscopia, entre outros.<\/p>\n<p><img loading=\"lazy\" class=\"aligncenter  wp-image-97351\" src=\"http:\/\/www.blogdothame.blog.br\/v1\/wp-content\/uploads\/2019\/11\/poli-sf-3.jpg\" alt=\"poli sf 3\" width=\"348\" height=\"214\" srcset=\"https:\/\/www.blogdothame.blog.br\/v1\/wp-content\/uploads\/2019\/11\/poli-sf-3.jpg 511w, https:\/\/www.blogdothame.blog.br\/v1\/wp-content\/uploads\/2019\/11\/poli-sf-3-300x184.jpg 300w\" sizes=\"(max-width: 348px) 100vw, 348px\" \/>O diretor geral da Policl\u00ednica em Sim\u00f5es Filho, Fernando Failla, informou que a unidade \u00e9 a primeira a oferecer o servi\u00e7o de densitometria \u00f3ssea. \u201cEsse exame \u00e9 realizado para medir a condi\u00e7\u00e3o \u00f3ssea das pessoas. A nossa resson\u00e2ncia magn\u00e9tica tamb\u00e9m est\u00e1 preparada para fazer um exame de coluna e de corpo inteiro&#8221;, ressaltou.<\/p>\n<p>Aos 25 anos, o atendente William Fran\u00e7a tem, na Policl\u00ednica, a sua primeira oportunidade de emprego formal. &#8220;Eu procuro emprego h\u00e1 muito tempo, desde que eu completei 18 anos. Estudei bastante, fiz essa sele\u00e7\u00e3o e conquistei a t\u00e3o sonhada aprova\u00e7\u00e3o. Hoje, eu me sinto honrado em trabalhar para o Estado, fazendo parte do SUS, melhorando o atendimento ao cidad\u00e3o. Eu sinto que esse \u00e9 um degrau muito importante na minha vida&#8221;. (fotos Paula Fr\u00f3es-SECOM\/BA)<\/p>\n","protected":false},"excerpt":{"rendered":"<p>A d\u00e9cima quinta Policl\u00ednica Regional de Sa\u00fade do Estado, primeira da Regi\u00e3o Metropolitana de Salvador, foi inaugurada pelo governador Rui Costa nesta sexta-feira (29), em Sim\u00f5es Filho. A partir de segunda-feira (2), servi\u00e7os ambulatoriais especializados e exames de alta complexidade estar\u00e3o \u00e0 disposi\u00e7\u00e3o para os cerca de 785 mil baianos que moram nos munic\u00edpios de [&hellip;]<\/p>\n","protected":false},"author":2,"featured_media":0,"comment_status":"open","ping_status":"open","sticky":false,"template":"","format":"standard","meta":{"_links_to":"","_links_to_target":""},"categories":[1],"tags":[16,20084,615,1577],"_links":{"self":[{"href":"https:\/\/www.blogdothame.blog.br\/v1\/wp-json\/wp\/v2\/posts\/97347"}],"collection":[{"href":"https:\/\/www.blogdothame.blog.br\/v1\/wp-json\/wp\/v2\/posts"}],"about":[{"href":"https:\/\/www.blogdothame.blog.br\/v1\/wp-json\/wp\/v2\/types\/post"}],"author":[{"embeddable":true,"href":"https:\/\/www.blogdothame.blog.br\/v1\/wp-json\/wp\/v2\/users\/2"}],"replies":[{"embeddable":true,"href":"https:\/\/www.blogdothame.blog.br\/v1\/wp-json\/wp\/v2\/comments?post=97347"}],"version-history":[{"count":1,"href":"https:\/\/www.blogdothame.blog.br\/v1\/wp-json\/wp\/v2\/posts\/97347\/revisions"}],"predecessor-version":[{"id":97353,"href":"https:\/\/www.blogdothame.blog.br\/v1\/wp-json\/wp\/v2\/posts\/97347\/revisions\/97353"}],"wp:attachment":[{"href":"https:\/\/www.blogdothame.blog.br\/v1\/wp-json\/wp\/v2\/media?parent=97347"}],"wp:term":[{"taxonomy":"category","embeddable":true,"href":"https:\/\/www.blogdothame.blog.br\/v1\/wp-json\/wp\/v2\/categories?post=97347"},{"taxonomy":"post_tag","embeddable":true,"href":"https:\/\/www.blogdothame.blog.br\/v1\/wp-json\/wp\/v2\/tags?post=97347"}],"curies":[{"name":"wp","href":"https:\/\/api.w.org\/{rel}","templated":true}]}}