{"id":97338,"date":"2019-11-29T15:30:40","date_gmt":"2019-11-29T18:30:40","guid":{"rendered":"http:\/\/www.blogdothame.blog.br\/v1\/?p=97338"},"modified":"2019-11-29T14:48:30","modified_gmt":"2019-11-29T17:48:30","slug":"97338","status":"publish","type":"post","link":"https:\/\/www.blogdothame.blog.br\/v1\/2019\/11\/29\/97338\/","title":{"rendered":"Alunos do Col\u00e9gio Estadual  de Itabuna dos anos 70 promovem encontro"},"content":{"rendered":"<p><img loading=\"lazy\" class=\"alignright  wp-image-97339\" src=\"http:\/\/www.blogdothame.blog.br\/v1\/wp-content\/uploads\/2019\/11\/cei.jpg\" alt=\"cei\" width=\"402\" height=\"252\" srcset=\"https:\/\/www.blogdothame.blog.br\/v1\/wp-content\/uploads\/2019\/11\/cei.jpg 829w, https:\/\/www.blogdothame.blog.br\/v1\/wp-content\/uploads\/2019\/11\/cei-300x188.jpg 300w\" sizes=\"(max-width: 402px) 100vw, 402px\" \/>A vontade de reencontrar\u00a0 alguns colegas do Col\u00e9gio Estadual de Itabuna \u2013 CEI que estudaram nos anos\u00a0 70, proporcionou\u00a0 que o desejo de poucos\u00a0 se transformassem num grande\u00a0 evento que ser\u00e1 realizado\u00a0 no pr\u00f3ximo dia 14 de dezembro, a partir das 10 horas\u00a0 na AFC (Associa\u00e7\u00e3o dos Funcion\u00e1rios da Ceplac).<\/p>\n<p>A id\u00e9ia original do ex-aluno Pedro Palmeira, contou logo com o apoio\u00a0 dos colegas Paulo Rezende ,\u00a0 Jorge Braga e Alzira e at\u00e9 o momento\u00a0 j\u00e1 registra a ades\u00e3o\u00a0 de quase 200 participantes\u00a0 no grupo de wathsapp.<\/p>\n<p>Reencontrar ex-colegas, conhecer seus familiares\u00a0 e reviver antigas\u00a0 emo\u00e7\u00f5es , ser\u00e1 a t\u00f4nica desse\u00a0 primeiro Encontro que prev\u00ea\u00a0 uma programa\u00e7\u00e3o\u00a0 com mensagens, muita m\u00fasica\u00a0 e atividades esportivas.<\/p>\n<p><!--more--><\/p>\n<p>O CEI\u00a0 se destacou ao longo dos anos, pela forma\u00e7\u00e3o de homens e mulheres de car\u00e1ter ilibado\u00a0 que hoje s\u00e3o destaques na comunidade\u00a0 regional e at\u00e9 outros \u00a0e at\u00e9 em outros estados, pelo desenvolvimento competente\u00a0 de suas atividades profissionais\u00a0 nos diversos ramos da vida humana.<\/p>\n<p>Os idealizadores n\u00e3o descartam\u00a0 que posteriormente , se for vontade do grupo , possam empreender a\u00e7\u00f5es\u00a0 reivindicat\u00f3rias\u00a0 em benef\u00edcio da melhoria funcional e estrutural do Col\u00e9gio estadual de Itabuna.<\/p>\n","protected":false},"excerpt":{"rendered":"<p>A vontade de reencontrar\u00a0 alguns colegas do Col\u00e9gio Estadual de Itabuna \u2013 CEI que estudaram nos anos\u00a0 70, proporcionou\u00a0 que o desejo de poucos\u00a0 se transformassem num grande\u00a0 evento que ser\u00e1 realizado\u00a0 no pr\u00f3ximo dia 14 de dezembro, a partir das 10 horas\u00a0 na AFC (Associa\u00e7\u00e3o dos Funcion\u00e1rios da Ceplac). A id\u00e9ia original do ex-aluno [&hellip;]<\/p>\n","protected":false},"author":2,"featured_media":0,"comment_status":"open","ping_status":"open","sticky":false,"template":"","format":"standard","meta":{"_links_to":"","_links_to_target":""},"categories":[1],"tags":[4236,22667,26082,1445],"_links":{"self":[{"href":"https:\/\/www.blogdothame.blog.br\/v1\/wp-json\/wp\/v2\/posts\/97338"}],"collection":[{"href":"https:\/\/www.blogdothame.blog.br\/v1\/wp-json\/wp\/v2\/posts"}],"about":[{"href":"https:\/\/www.blogdothame.blog.br\/v1\/wp-json\/wp\/v2\/types\/post"}],"author":[{"embeddable":true,"href":"https:\/\/www.blogdothame.blog.br\/v1\/wp-json\/wp\/v2\/users\/2"}],"replies":[{"embeddable":true,"href":"https:\/\/www.blogdothame.blog.br\/v1\/wp-json\/wp\/v2\/comments?post=97338"}],"version-history":[{"count":2,"href":"https:\/\/www.blogdothame.blog.br\/v1\/wp-json\/wp\/v2\/posts\/97338\/revisions"}],"predecessor-version":[{"id":97341,"href":"https:\/\/www.blogdothame.blog.br\/v1\/wp-json\/wp\/v2\/posts\/97338\/revisions\/97341"}],"wp:attachment":[{"href":"https:\/\/www.blogdothame.blog.br\/v1\/wp-json\/wp\/v2\/media?parent=97338"}],"wp:term":[{"taxonomy":"category","embeddable":true,"href":"https:\/\/www.blogdothame.blog.br\/v1\/wp-json\/wp\/v2\/categories?post=97338"},{"taxonomy":"post_tag","embeddable":true,"href":"https:\/\/www.blogdothame.blog.br\/v1\/wp-json\/wp\/v2\/tags?post=97338"}],"curies":[{"name":"wp","href":"https:\/\/api.w.org\/{rel}","templated":true}]}}