{"id":97334,"date":"2019-11-29T12:05:43","date_gmt":"2019-11-29T15:05:43","guid":{"rendered":"http:\/\/www.blogdothame.blog.br\/v1\/?p=97334"},"modified":"2019-11-29T12:08:45","modified_gmt":"2019-11-29T15:08:45","slug":"seminario-debate-desafios-da-comunicacao-na-gestao-publica","status":"publish","type":"post","link":"https:\/\/www.blogdothame.blog.br\/v1\/2019\/11\/29\/seminario-debate-desafios-da-comunicacao-na-gestao-publica\/","title":{"rendered":"Semin\u00e1rio debate desafios da comunica\u00e7\u00e3o na gest\u00e3o p\u00fablica"},"content":{"rendered":"<div id=\"attachment_97336\" style=\"width: 394px\" class=\"wp-caption aligncenter\"><img aria-describedby=\"caption-attachment-97336\" loading=\"lazy\" class=\" wp-image-97336\" src=\"http:\/\/www.blogdothame.blog.br\/v1\/wp-content\/uploads\/2019\/11\/Foto-Camila-Souza_GOVBA-2.jpg\" alt=\"Altamiro Borges\" width=\"384\" height=\"256\" srcset=\"https:\/\/www.blogdothame.blog.br\/v1\/wp-content\/uploads\/2019\/11\/Foto-Camila-Souza_GOVBA-2.jpg 900w, https:\/\/www.blogdothame.blog.br\/v1\/wp-content\/uploads\/2019\/11\/Foto-Camila-Souza_GOVBA-2-300x200.jpg 300w\" sizes=\"(max-width: 384px) 100vw, 384px\" \/><p id=\"caption-attachment-97336\" class=\"wp-caption-text\">Altamiro Borges<\/p><\/div>\n<p>At\u00e9 s\u00e1bado (30), cerca de 700 profissionais da \u00e1rea de comunica\u00e7\u00e3o que atuam na gest\u00e3o p\u00fablica de prefeituras e governos estaduais participam do semin\u00e1rio \u201cOs desafios da comunica\u00e7\u00e3o nas administra\u00e7\u00f5es p\u00fablicas\u201d, realizado pelo Centro de Estudos da M\u00eddia Alternativa Bar\u00e3o de Itarar\u00e9. O evento tem apoio do Governo do Estado, por meio da Secretaria de Comunica\u00e7\u00e3o (Secom), e tem por objetivo o debate da rela\u00e7\u00e3o entre comunica\u00e7\u00e3o e pol\u00edtica.<\/p>\n<div id=\"attachment_97335\" style=\"width: 380px\" class=\"wp-caption alignright\"><img aria-describedby=\"caption-attachment-97335\" loading=\"lazy\" class=\" wp-image-97335\" src=\"http:\/\/www.blogdothame.blog.br\/v1\/wp-content\/uploads\/2019\/11\/Foto-Camila-Souza_GOVBA-1.jpg\" alt=\"Andr\u00e9 Curvello\" width=\"370\" height=\"246\" srcset=\"https:\/\/www.blogdothame.blog.br\/v1\/wp-content\/uploads\/2019\/11\/Foto-Camila-Souza_GOVBA-1.jpg 900w, https:\/\/www.blogdothame.blog.br\/v1\/wp-content\/uploads\/2019\/11\/Foto-Camila-Souza_GOVBA-1-300x200.jpg 300w\" sizes=\"(max-width: 370px) 100vw, 370px\" \/><p id=\"caption-attachment-97335\" class=\"wp-caption-text\">Andr\u00e9 Curvello<\/p><\/div>\n<p>A abertura aconteceu na manh\u00e3 desta sexta-feira (29), no Hotel Real Classic, no bairro da Pituba, com participa\u00e7\u00e3o do secret\u00e1rio de Comunica\u00e7\u00e3o do Estado, Andr\u00e9 Curvello, e do coordenador do Centro de Estudos da M\u00eddia Alternativa Bar\u00e3o de Itarar\u00e9, Altamiro Borges. Ainda nesta sexta, a previs\u00e3o \u00e9 de que o governador Rui Costa participe do evento no per\u00edodo da tarde.<\/p>\n<p>Esta \u00e9 a terceira edi\u00e7\u00e3o do semin\u00e1rio, que j\u00e1 passou pelo Maranh\u00e3o em 2017, e Maric\u00e1, no Rio de Janeiro, em 2018. O coordenador do Centro Bar\u00e3o de Itarar\u00e9 pontuou a necessidade da discuss\u00e3o do tema. \u201cEstamos em sociedades urbanas cada vez mais complexas e com uma bateria de informa\u00e7\u00f5es violenta. A internet democratizou a informa\u00e7\u00e3o, mas potencializou a mentira e com muitas fakes news circulando. Hoje, apostar na comunica\u00e7\u00e3o de qualidade e multiplica\u00e7\u00e3o dos instrumentos de comunica\u00e7\u00e3o com maior qualifica\u00e7\u00e3o dos comunicadores \u00e9 fundamental para fazer a disputa de narrativas na sociedade. E o gestor p\u00fablico que n\u00e3o fizer essa disputa pode perder na opini\u00e3o p\u00fablica por esse n\u00edvel de desinforma\u00e7\u00e3o que est\u00e1 circulando, mesmo sendo um excelente gestor\u201d, destacou Altamiro Borges.<\/p>\n<p><!--more--><\/p>\n<p>Durante a abertura, Andr\u00e9 Curvello sugeriu que o semin\u00e1rio tamb\u00e9m seja realizado no interior da Bahia e ressaltou a contribui\u00e7\u00e3o do evento ao debate p\u00fablico. \u201cO Governo do Estado agradece a escolha da capital baiana para sediar esse evento. Estamos sempre abertos e atentos para apoiar iniciativas que valorizem o pensamento amplo e a liberdade de express\u00e3o. Esse evento re\u00fane liberdade, democracia e o pensamento diverso. \u00c9 um exerc\u00edcio de se discutir o fortalecimento da democracia atrav\u00e9s da comunica\u00e7\u00e3o\u201d.<\/p>\n<p>Ap\u00f3s a abertura, foi formada a primeira mesa que debateu o tema \u201cComo se comunicar na sociedade\u201d. Os integrantes da mesa foram Ge\u00f3rgia Pinheiro, do Blog Conversa Afiada; Cynara Menezes, Blog Socialista Morena; e S\u00e9rgio L\u00edrio, editor-chefe da revista Carta Capital.<\/p>\n<p>No per\u00edodo da tarde ser\u00e3o realizadas mais duas mesas de debates: uma sobre \u201c A for\u00e7a e os perigos das redes sociais\u201d e outra abordando \u201c O fortalecimento da comunica\u00e7\u00e3o p\u00fablica\u201d.<\/p>\n","protected":false},"excerpt":{"rendered":"<p>At\u00e9 s\u00e1bado (30), cerca de 700 profissionais da \u00e1rea de comunica\u00e7\u00e3o que atuam na gest\u00e3o p\u00fablica de prefeituras e governos estaduais participam do semin\u00e1rio \u201cOs desafios da comunica\u00e7\u00e3o nas administra\u00e7\u00f5es p\u00fablicas\u201d, realizado pelo Centro de Estudos da M\u00eddia Alternativa Bar\u00e3o de Itarar\u00e9. O evento tem apoio do Governo do Estado, por meio da Secretaria de [&hellip;]<\/p>\n","protected":false},"author":2,"featured_media":0,"comment_status":"open","ping_status":"open","sticky":false,"template":"","format":"standard","meta":{"_links_to":"","_links_to_target":""},"categories":[1],"tags":[26067,26080,12250,51,26081,1270],"_links":{"self":[{"href":"https:\/\/www.blogdothame.blog.br\/v1\/wp-json\/wp\/v2\/posts\/97334"}],"collection":[{"href":"https:\/\/www.blogdothame.blog.br\/v1\/wp-json\/wp\/v2\/posts"}],"about":[{"href":"https:\/\/www.blogdothame.blog.br\/v1\/wp-json\/wp\/v2\/types\/post"}],"author":[{"embeddable":true,"href":"https:\/\/www.blogdothame.blog.br\/v1\/wp-json\/wp\/v2\/users\/2"}],"replies":[{"embeddable":true,"href":"https:\/\/www.blogdothame.blog.br\/v1\/wp-json\/wp\/v2\/comments?post=97334"}],"version-history":[{"count":1,"href":"https:\/\/www.blogdothame.blog.br\/v1\/wp-json\/wp\/v2\/posts\/97334\/revisions"}],"predecessor-version":[{"id":97337,"href":"https:\/\/www.blogdothame.blog.br\/v1\/wp-json\/wp\/v2\/posts\/97334\/revisions\/97337"}],"wp:attachment":[{"href":"https:\/\/www.blogdothame.blog.br\/v1\/wp-json\/wp\/v2\/media?parent=97334"}],"wp:term":[{"taxonomy":"category","embeddable":true,"href":"https:\/\/www.blogdothame.blog.br\/v1\/wp-json\/wp\/v2\/categories?post=97334"},{"taxonomy":"post_tag","embeddable":true,"href":"https:\/\/www.blogdothame.blog.br\/v1\/wp-json\/wp\/v2\/tags?post=97334"}],"curies":[{"name":"wp","href":"https:\/\/api.w.org\/{rel}","templated":true}]}}