{"id":97331,"date":"2019-11-29T14:30:25","date_gmt":"2019-11-29T17:30:25","guid":{"rendered":"http:\/\/www.blogdothame.blog.br\/v1\/?p=97331"},"modified":"2019-11-29T12:15:54","modified_gmt":"2019-11-29T15:15:54","slug":"bahia-em-homenagem-a-marighella-rui-costa-sanciona-dia-de-combate-a-tortura-em-novembro","status":"publish","type":"post","link":"https:\/\/www.blogdothame.blog.br\/v1\/2019\/11\/29\/bahia-em-homenagem-a-marighella-rui-costa-sanciona-dia-de-combate-a-tortura-em-novembro\/","title":{"rendered":"Bahia: Em homenagem a Marighella, Rui Costa sanciona Dia de Combate \u00e0 Tortura em novembro"},"content":{"rendered":"<p><img loading=\"lazy\" class=\"aligncenter  wp-image-22963\" src=\"http:\/\/www.blogdothame.blog.br\/v1\/wp-content\/uploads\/2013\/08\/carlos-marighella.jpg\" alt=\"carlos marighella\" width=\"289\" height=\"269\" srcset=\"https:\/\/www.blogdothame.blog.br\/v1\/wp-content\/uploads\/2013\/08\/carlos-marighella.jpg 320w, https:\/\/www.blogdothame.blog.br\/v1\/wp-content\/uploads\/2013\/08\/carlos-marighella-300x279.jpg 300w\" sizes=\"(max-width: 289px) 100vw, 289px\" \/><\/p>\n<p>O governador da Bahia, Rui Costa (PT), sancionou o projeto que institui o dia 4 novembro como \u201cDia Estadual de Combate \u00e0 Tortura\u201d. A proposta de autoria do deputado estadual Robinson Almeida (PT) tinha sido aprovada no \u00faltimo dia 6 de novembro pela Assembleia Legislativa.<\/p>\n<p>A data sugerida, que passa a integrar o calend\u00e1rio oficial de eventos do Estado, coincide com o dia de falecimento do ex-deputado, poeta, guerrilheiro e torcedor do Vit\u00f3ria Carlos Marighella, torturado e assassinado em uma emboscada, em S\u00e3o Paulo, pela ditadura militar em 1969.<\/p>\n<div id=\"attachment_97332\" style=\"width: 310px\" class=\"wp-caption aligncenter\"><img aria-describedby=\"caption-attachment-97332\" loading=\"lazy\" class=\"size-medium wp-image-97332\" src=\"http:\/\/www.blogdothame.blog.br\/v1\/wp-content\/uploads\/2019\/11\/r-e-r-300x200.jpg\" alt=\"Robinson Almeida e Rui Costa\" width=\"300\" height=\"200\" srcset=\"https:\/\/www.blogdothame.blog.br\/v1\/wp-content\/uploads\/2019\/11\/r-e-r-300x200.jpg 300w, https:\/\/www.blogdothame.blog.br\/v1\/wp-content\/uploads\/2019\/11\/r-e-r.jpg 720w\" sizes=\"(max-width: 300px) 100vw, 300px\" \/><p id=\"caption-attachment-97332\" class=\"wp-caption-text\">Robinson Almeida e Rui Costa<\/p><\/div>\n<p>\u201cComo nos ensina o Hino ao 2 de Julho, com tiranos n\u00e3o combinam brasileiros cora\u00e7\u00f5es. A Bahia, mais uma vez, d\u00e1 exemplo para o Brasil e refuta qualquer apologia a tortura\u201d, celebrou o parlamentar, em critica ao governo Bolsonaro.<\/p>\n","protected":false},"excerpt":{"rendered":"<p>O governador da Bahia, Rui Costa (PT), sancionou o projeto que institui o dia 4 novembro como \u201cDia Estadual de Combate \u00e0 Tortura\u201d. A proposta de autoria do deputado estadual Robinson Almeida (PT) tinha sido aprovada no \u00faltimo dia 6 de novembro pela Assembleia Legislativa. A data sugerida, que passa a integrar o calend\u00e1rio oficial [&hellip;]<\/p>\n","protected":false},"author":2,"featured_media":0,"comment_status":"open","ping_status":"open","sticky":false,"template":"","format":"standard","meta":{"_links_to":"","_links_to_target":""},"categories":[1],"tags":[51,26079,26078,473,615],"_links":{"self":[{"href":"https:\/\/www.blogdothame.blog.br\/v1\/wp-json\/wp\/v2\/posts\/97331"}],"collection":[{"href":"https:\/\/www.blogdothame.blog.br\/v1\/wp-json\/wp\/v2\/posts"}],"about":[{"href":"https:\/\/www.blogdothame.blog.br\/v1\/wp-json\/wp\/v2\/types\/post"}],"author":[{"embeddable":true,"href":"https:\/\/www.blogdothame.blog.br\/v1\/wp-json\/wp\/v2\/users\/2"}],"replies":[{"embeddable":true,"href":"https:\/\/www.blogdothame.blog.br\/v1\/wp-json\/wp\/v2\/comments?post=97331"}],"version-history":[{"count":1,"href":"https:\/\/www.blogdothame.blog.br\/v1\/wp-json\/wp\/v2\/posts\/97331\/revisions"}],"predecessor-version":[{"id":97333,"href":"https:\/\/www.blogdothame.blog.br\/v1\/wp-json\/wp\/v2\/posts\/97331\/revisions\/97333"}],"wp:attachment":[{"href":"https:\/\/www.blogdothame.blog.br\/v1\/wp-json\/wp\/v2\/media?parent=97331"}],"wp:term":[{"taxonomy":"category","embeddable":true,"href":"https:\/\/www.blogdothame.blog.br\/v1\/wp-json\/wp\/v2\/categories?post=97331"},{"taxonomy":"post_tag","embeddable":true,"href":"https:\/\/www.blogdothame.blog.br\/v1\/wp-json\/wp\/v2\/tags?post=97331"}],"curies":[{"name":"wp","href":"https:\/\/api.w.org\/{rel}","templated":true}]}}