{"id":97279,"date":"2019-11-28T11:58:21","date_gmt":"2019-11-28T14:58:21","guid":{"rendered":"http:\/\/www.blogdothame.blog.br\/v1\/?p=97279"},"modified":"2019-11-28T12:01:37","modified_gmt":"2019-11-28T15:01:37","slug":"populacao-e-mobilizada-para-discutir-assistencia-social-em-nova-lei-organica-de-itabuna","status":"publish","type":"post","link":"https:\/\/www.blogdothame.blog.br\/v1\/2019\/11\/28\/populacao-e-mobilizada-para-discutir-assistencia-social-em-nova-lei-organica-de-itabuna\/","title":{"rendered":"Popula\u00e7\u00e3o \u00e9 mobilizada para discutir Assist\u00eancia  Social em nova Lei Org\u00e2nica de Itabuna"},"content":{"rendered":"<p><img loading=\"lazy\" class=\"alignright size-medium wp-image-91004\" src=\"http:\/\/www.blogdothame.blog.br\/v1\/wp-content\/uploads\/2019\/06\/ricardo-xavier1-300x194.jpg\" alt=\"ricardo xavier\" width=\"300\" height=\"194\" srcset=\"https:\/\/www.blogdothame.blog.br\/v1\/wp-content\/uploads\/2019\/06\/ricardo-xavier1-300x194.jpg 300w, https:\/\/www.blogdothame.blog.br\/v1\/wp-content\/uploads\/2019\/06\/ricardo-xavier1.jpg 600w\" sizes=\"(max-width: 300px) 100vw, 300px\" \/>Continuar\u00e1 na noite desta quinta-feira (28), a partir das 19 horas, a s\u00e9rie de audi\u00eancias em prol da reforma e atualiza\u00e7\u00e3o da Lei Org\u00e2nica do Munic\u00edpio de Itabuna (LOMI). O tema em discuss\u00e3o, na sala de Comiss\u00f5es T\u00e9cnicas da C\u00e2mara de Vereadores, ser\u00e1 Assist\u00eancia Social. Para sugerir, opinar, debater o assunto, est\u00e1 convidada a popula\u00e7\u00e3o em geral, assim como conselhos e sindicatos.<\/p>\n<p>Segundo o presidente da Casa, Ricardo Xavier (Cidadania), o objetivo das audi\u00eancias \u00e9 estimular a participa\u00e7\u00e3o popular no trabalho para modernizar a lei mais importante do nosso munic\u00edpio, a nossa Constitui\u00e7\u00e3o. \u201cO mais interessante \u00e9 que, ao final, seja uma lei que facilite o bem-estar, os investimentos, a gera\u00e7\u00e3o de emprego, de forma que a sociedade ganhe. Quem quiser participar poder\u00e1 ter as digitais na Carta Magna municipal\u201d, frisou.<\/p>\n<p>Prazo para emendas<\/p>\n<p><!--more--><br \/>\nTerminar\u00e1 em 10 de dezembro o per\u00edodo para a popula\u00e7\u00e3o apresentar sugest\u00f5es de emendas \u00e0quela que \u00e9 a verdadeira Constitui\u00e7\u00e3o em \u00e2mbito municipal. A pessoa tem a op\u00e7\u00e3o de manifestar-se no site do Poder Legislativo (www.cmvitabuna.ba.gov.br), onde logo encontra um formul\u00e1rio espec\u00edfico. A nova LOMI dever\u00e1 ser entregue para aprecia\u00e7\u00e3o dos vereadores em fevereiro, assim que come\u00e7ar o Ano Legislativo de 2020.<\/p>\n<p>A comiss\u00e3o de edis designada para acompanhar o trabalho em favor da atualiza\u00e7\u00e3o da Lei, inclusive com reuni\u00f5es semanais, \u00e9 formada pelos seguintes nomes: J\u00fanior Brand\u00e3o (PT) \u00e9 presidente; Enderson Guinho (PDT), vice-presidente; Beto Dourado (PSDB), relator; Jairo Ara\u00fajo (PCdoB), relator-adjunto; Charliane Sousa (PTB), secret\u00e1ria; Robinho (PP), secret\u00e1rio-adjunto.<\/p>\n","protected":false},"excerpt":{"rendered":"<p>Continuar\u00e1 na noite desta quinta-feira (28), a partir das 19 horas, a s\u00e9rie de audi\u00eancias em prol da reforma e atualiza\u00e7\u00e3o da Lei Org\u00e2nica do Munic\u00edpio de Itabuna (LOMI). O tema em discuss\u00e3o, na sala de Comiss\u00f5es T\u00e9cnicas da C\u00e2mara de Vereadores, ser\u00e1 Assist\u00eancia Social. Para sugerir, opinar, debater o assunto, est\u00e1 convidada a popula\u00e7\u00e3o [&hellip;]<\/p>\n","protected":false},"author":2,"featured_media":0,"comment_status":"open","ping_status":"open","sticky":false,"template":"","format":"standard","meta":{"_links_to":"","_links_to_target":""},"categories":[1],"tags":[6620,26066,2001],"_links":{"self":[{"href":"https:\/\/www.blogdothame.blog.br\/v1\/wp-json\/wp\/v2\/posts\/97279"}],"collection":[{"href":"https:\/\/www.blogdothame.blog.br\/v1\/wp-json\/wp\/v2\/posts"}],"about":[{"href":"https:\/\/www.blogdothame.blog.br\/v1\/wp-json\/wp\/v2\/types\/post"}],"author":[{"embeddable":true,"href":"https:\/\/www.blogdothame.blog.br\/v1\/wp-json\/wp\/v2\/users\/2"}],"replies":[{"embeddable":true,"href":"https:\/\/www.blogdothame.blog.br\/v1\/wp-json\/wp\/v2\/comments?post=97279"}],"version-history":[{"count":1,"href":"https:\/\/www.blogdothame.blog.br\/v1\/wp-json\/wp\/v2\/posts\/97279\/revisions"}],"predecessor-version":[{"id":97280,"href":"https:\/\/www.blogdothame.blog.br\/v1\/wp-json\/wp\/v2\/posts\/97279\/revisions\/97280"}],"wp:attachment":[{"href":"https:\/\/www.blogdothame.blog.br\/v1\/wp-json\/wp\/v2\/media?parent=97279"}],"wp:term":[{"taxonomy":"category","embeddable":true,"href":"https:\/\/www.blogdothame.blog.br\/v1\/wp-json\/wp\/v2\/categories?post=97279"},{"taxonomy":"post_tag","embeddable":true,"href":"https:\/\/www.blogdothame.blog.br\/v1\/wp-json\/wp\/v2\/tags?post=97279"}],"curies":[{"name":"wp","href":"https:\/\/api.w.org\/{rel}","templated":true}]}}