{"id":97213,"date":"2019-11-28T04:31:35","date_gmt":"2019-11-28T07:31:35","guid":{"rendered":"http:\/\/www.blogdothame.blog.br\/v1\/?p=97213"},"modified":"2019-11-27T11:52:49","modified_gmt":"2019-11-27T14:52:49","slug":"caic-jorge-amado-realiza-feira-de-matematica","status":"publish","type":"post","link":"https:\/\/www.blogdothame.blog.br\/v1\/2019\/11\/28\/caic-jorge-amado-realiza-feira-de-matematica\/","title":{"rendered":"Caic Jorge Amado realiza Feira de Matem\u00e1tica"},"content":{"rendered":"<p style=\"text-align: right;\"><strong><img loading=\"lazy\" class=\"aligncenter  wp-image-97215\" src=\"http:\/\/www.blogdothame.blog.br\/v1\/wp-content\/uploads\/2019\/11\/caic-1024x352.jpg\" alt=\"caic\" width=\"480\" height=\"165\" srcset=\"https:\/\/www.blogdothame.blog.br\/v1\/wp-content\/uploads\/2019\/11\/caic-1024x352.jpg 1024w, https:\/\/www.blogdothame.blog.br\/v1\/wp-content\/uploads\/2019\/11\/caic-300x103.jpg 300w, https:\/\/www.blogdothame.blog.br\/v1\/wp-content\/uploads\/2019\/11\/caic.jpg 1256w\" sizes=\"(max-width: 480px) 100vw, 480px\" \/>Eric Thadeu N. Souza<\/strong><\/p>\n<p>&nbsp;<\/p>\n<p>O\u00a0 Centro de Aten\u00e7\u00e3o Integral \u00e0 Crian\u00e7a Jorge Amado \u2013 CAIC, no bairro Jardim Primavera,\u00a0 realiza nesta quinta-feira (18), Feira de Matem\u00e1tica. As feiras\u00a0\u00a0 v\u00eam acontecendo em\u00a0 escolas da Rede Municipal de Ensino e surgem como resultado dos trabalhos desenvolvidos por tr\u00eas unidades escolares que contam com a parceria e o apoio da Universidade Estadual de Santa Cruz (UESC), atrav\u00e9s do Grupo de Pesquisa em Educa\u00e7\u00e3o Matem\u00e1tica Estat\u00edstica e em Ci\u00eancias, envolvendo tamb\u00e9m a Sociedade Brasileira de Educa\u00e7\u00e3o Matem\u00e1tica (SBEM\/BA). Em Itabuna, os projetos do GPEMEC envolvem a Escola Municipal Margarida Pereira (Pedro Jer\u00f4nimo), cuja feira foi realizada na semana passada; o CAIC Jorge Amado, com a sua Feira de Matem\u00e1tica j\u00e1 confirmada essa semana; e a Escola Municipal Eduardo Fonseca.<\/p>\n<p><!--more--><\/p>\n<p>No CAIC, estudantes e professores far\u00e3o mostras de projetos que determinam como a matem\u00e1tica pode ser reconhecida no dia a dia das pessoas de maneira simples e pr\u00e1tica, envolvendo inclusive outras \u00e1reas do conhecimento humano, como as pr\u00f3prias linguagens, as ci\u00eancias sociais, a Hist\u00f3ria e a Geografia, desmistificando as dificuldades de aprendizagem que geralmente assomam essa disciplina no curr\u00edculo escolar.<\/p>\n<p>A diretora do CAIC, professora Stella Maria Soares Cruz, indica que os trabalhos ser\u00e3o iniciados \u00e0s 9h e seguir\u00e3o at\u00e9 \u00e0s 15h. O evento \u00e9 aberto ao p\u00fablico, \u00e0 comunidade, com entrada franca. O CAIC Jorge Amado est\u00e1 localizado no Caminho 6, S\/N\u00ba &#8211; Bairro Jardim Primavera.<\/p>\n","protected":false},"excerpt":{"rendered":"<p>Eric Thadeu N. Souza &nbsp; O\u00a0 Centro de Aten\u00e7\u00e3o Integral \u00e0 Crian\u00e7a Jorge Amado \u2013 CAIC, no bairro Jardim Primavera,\u00a0 realiza nesta quinta-feira (18), Feira de Matem\u00e1tica. As feiras\u00a0\u00a0 v\u00eam acontecendo em\u00a0 escolas da Rede Municipal de Ensino e surgem como resultado dos trabalhos desenvolvidos por tr\u00eas unidades escolares que contam com a parceria e [&hellip;]<\/p>\n","protected":false},"author":2,"featured_media":0,"comment_status":"open","ping_status":"open","sticky":false,"template":"","format":"standard","meta":{"_links_to":"","_links_to_target":""},"categories":[1],"tags":[26053,39,2555],"_links":{"self":[{"href":"https:\/\/www.blogdothame.blog.br\/v1\/wp-json\/wp\/v2\/posts\/97213"}],"collection":[{"href":"https:\/\/www.blogdothame.blog.br\/v1\/wp-json\/wp\/v2\/posts"}],"about":[{"href":"https:\/\/www.blogdothame.blog.br\/v1\/wp-json\/wp\/v2\/types\/post"}],"author":[{"embeddable":true,"href":"https:\/\/www.blogdothame.blog.br\/v1\/wp-json\/wp\/v2\/users\/2"}],"replies":[{"embeddable":true,"href":"https:\/\/www.blogdothame.blog.br\/v1\/wp-json\/wp\/v2\/comments?post=97213"}],"version-history":[{"count":4,"href":"https:\/\/www.blogdothame.blog.br\/v1\/wp-json\/wp\/v2\/posts\/97213\/revisions"}],"predecessor-version":[{"id":97218,"href":"https:\/\/www.blogdothame.blog.br\/v1\/wp-json\/wp\/v2\/posts\/97213\/revisions\/97218"}],"wp:attachment":[{"href":"https:\/\/www.blogdothame.blog.br\/v1\/wp-json\/wp\/v2\/media?parent=97213"}],"wp:term":[{"taxonomy":"category","embeddable":true,"href":"https:\/\/www.blogdothame.blog.br\/v1\/wp-json\/wp\/v2\/categories?post=97213"},{"taxonomy":"post_tag","embeddable":true,"href":"https:\/\/www.blogdothame.blog.br\/v1\/wp-json\/wp\/v2\/tags?post=97213"}],"curies":[{"name":"wp","href":"https:\/\/api.w.org\/{rel}","templated":true}]}}