{"id":97208,"date":"2019-11-26T14:26:02","date_gmt":"2019-11-26T17:26:02","guid":{"rendered":"http:\/\/www.blogdothame.blog.br\/v1\/?p=97208"},"modified":"2019-11-26T14:41:58","modified_gmt":"2019-11-26T17:41:58","slug":"patrulha-guardia-maria-da-penha-e-criada-em-itabuna","status":"publish","type":"post","link":"https:\/\/www.blogdothame.blog.br\/v1\/2019\/11\/26\/patrulha-guardia-maria-da-penha-e-criada-em-itabuna\/","title":{"rendered":"Patrulha Guardi\u00e3 Maria da Penha \u00e9 criada em Itabuna"},"content":{"rendered":"<p><img loading=\"lazy\" class=\"aligncenter  wp-image-97219\" src=\"http:\/\/www.blogdothame.blog.br\/v1\/wp-content\/uploads\/2019\/11\/Prefeito-Fernando-Gomes-participa-do-lan\u00e7amento-da-Patrulha-Guardi\u00e3-Maria-da-Penha-Foto_Waldyr-Gomes-2.jpg\" alt=\"Prefeito Fernando Gomes participa do lan\u00e7amento da Patrulha Guardi\u00e3 Maria da Penha Foto_Waldyr Gomes (2)\" width=\"326\" height=\"217\" srcset=\"https:\/\/www.blogdothame.blog.br\/v1\/wp-content\/uploads\/2019\/11\/Prefeito-Fernando-Gomes-participa-do-lan\u00e7amento-da-Patrulha-Guardi\u00e3-Maria-da-Penha-Foto_Waldyr-Gomes-2.jpg 900w, https:\/\/www.blogdothame.blog.br\/v1\/wp-content\/uploads\/2019\/11\/Prefeito-Fernando-Gomes-participa-do-lan\u00e7amento-da-Patrulha-Guardi\u00e3-Maria-da-Penha-Foto_Waldyr-Gomes-2-300x200.jpg 300w\" sizes=\"(max-width: 326px) 100vw, 326px\" \/><\/p>\n<p>Foi lan\u00e7ada no audit\u00f3rio do Sest\/Senat, a Patrulha Guardi\u00e3 Maria da Penha \u2013 projeto pioneiro no Sul da Bahia que ser\u00e1 operado pela Guarda Civil Municipal (GCM). A solenidade que foi realizada no dia em que se comemora o Dia Internacional para a Elimina\u00e7\u00e3o de Viol\u00eancia contra as Mulheres \u2013 25 de Novembro -, contou com as presen\u00e7as do prefeito Fernando Gomes e\u00a0 da Secret\u00e1ria Estadual de Pol\u00edticas para as Mulheres, Julieta Palmeira, que esteve representando o governador Rui Costa.<\/p>\n<div id=\"attachment_97209\" style=\"width: 264px\" class=\"wp-caption alignright\"><img aria-describedby=\"caption-attachment-97209\" loading=\"lazy\" class=\" wp-image-97209\" src=\"http:\/\/www.blogdothame.blog.br\/v1\/wp-content\/uploads\/2019\/11\/Prefeito-Fernando-Gomes-participa-do-lan\u00e7amento-da-Patrulha-Guardi\u00e3-Maria-da-Penha-Foto_Waldyr-Gomes-7-300x200.jpg\" alt=\"Julieta Palmeira\" width=\"254\" height=\"169\" srcset=\"https:\/\/www.blogdothame.blog.br\/v1\/wp-content\/uploads\/2019\/11\/Prefeito-Fernando-Gomes-participa-do-lan\u00e7amento-da-Patrulha-Guardi\u00e3-Maria-da-Penha-Foto_Waldyr-Gomes-7-300x200.jpg 300w, https:\/\/www.blogdothame.blog.br\/v1\/wp-content\/uploads\/2019\/11\/Prefeito-Fernando-Gomes-participa-do-lan\u00e7amento-da-Patrulha-Guardi\u00e3-Maria-da-Penha-Foto_Waldyr-Gomes-7.jpg 900w\" sizes=\"(max-width: 254px) 100vw, 254px\" \/><p id=\"caption-attachment-97209\" class=\"wp-caption-text\">Julieta Palmeira<\/p><\/div>\n<p>Tamb\u00e9m estiveram presentes Ju\u00edzes, Promotores P\u00fablicos, Representantes da Delegacia Especializada de Atendimento \u00e0 Mulher, da Defensoria P\u00fablica, da OAB\/Itabuna, da C\u00e2mara de Vereadores, do 15\u00ba BPM\/Ronda Maria da Penha, Secret\u00e1rios Municipais, inclusive a Secret\u00e1ria Municipal de Assist\u00eancia Social, Sandra Neilma, que foi nomeada Madrinha da Patrulha Guardi\u00e3 Maria da Penha.<\/p>\n<p>Para o prefeito Fernando Gomes, um projeto como este, que\u00a0integra o plano de a\u00e7\u00f5es da nova gest\u00e3o da Secretaria de Seguran\u00e7a, Transporte e Tr\u00e2nsito (Sesttran), sob o comando do Ten Cel PM Valci Serpa,\u00a0merece todo empenho da administra\u00e7\u00e3o municipal.<\/p>\n<p>\u201cO objetivo \u00e9 integrar a Patrulha Guardi\u00e3 Maria da Penha a rede de a\u00e7\u00f5es que j\u00e1 vem sendo implementada para o combate \u00e0<\/p>\n<div id=\"attachment_97210\" style=\"width: 270px\" class=\"wp-caption alignright\"><img aria-describedby=\"caption-attachment-97210\" loading=\"lazy\" class=\" wp-image-97210\" src=\"http:\/\/www.blogdothame.blog.br\/v1\/wp-content\/uploads\/2019\/11\/Prefeito-Fernando-Gomes-participa-do-lan\u00e7amento-da-Patrulha-Guardi\u00e3-Maria-da-Penha-Foto_Waldyr-Gomes-6-300x200.jpg\" alt=\"Fernando Gomes\" width=\"260\" height=\"173\" srcset=\"https:\/\/www.blogdothame.blog.br\/v1\/wp-content\/uploads\/2019\/11\/Prefeito-Fernando-Gomes-participa-do-lan\u00e7amento-da-Patrulha-Guardi\u00e3-Maria-da-Penha-Foto_Waldyr-Gomes-6-300x200.jpg 300w, https:\/\/www.blogdothame.blog.br\/v1\/wp-content\/uploads\/2019\/11\/Prefeito-Fernando-Gomes-participa-do-lan\u00e7amento-da-Patrulha-Guardi\u00e3-Maria-da-Penha-Foto_Waldyr-Gomes-6.jpg 900w\" sizes=\"(max-width: 260px) 100vw, 260px\" \/><p id=\"caption-attachment-97210\" class=\"wp-caption-text\">Fernando Gomes<\/p><\/div>\n<p>viol\u00eancia dom\u00e9stica contra a mulher\u201d, frisou o prefeito Fernando Gomes. O titular da Sesttran, Tem Cel PM Valci Serpa, aproveitou o momento para salientar que toda sua equipe est\u00e1 atenta e muito satisfeita com a aten\u00e7\u00e3o que o prefeito Fernando Gomes tem dado ao projeto. \u201cNosso prefeito est\u00e1 preocupado com os avan\u00e7os da GCM e dado todas as condi\u00e7\u00f5es para \u00eaxito em nossas a\u00e7\u00f5es. Vamos juntos vencer essa batalha da viol\u00eancia. Juntos somos fortes\u201d, finalizou.<\/p>\n<p>A Patrulha Guardi\u00e3 \u00e9 inspirada na Ronda Maria da Penha, projeto da Pol\u00edcia Militar da Bahia, reconhecido no Brasil como modelo de enfrentamento \u00e0 viol\u00eancia contra a mulher.,<\/p>\n","protected":false},"excerpt":{"rendered":"<p>Foi lan\u00e7ada no audit\u00f3rio do Sest\/Senat, a Patrulha Guardi\u00e3 Maria da Penha \u2013 projeto pioneiro no Sul da Bahia que ser\u00e1 operado pela Guarda Civil Municipal (GCM). A solenidade que foi realizada no dia em que se comemora o Dia Internacional para a Elimina\u00e7\u00e3o de Viol\u00eancia contra as Mulheres \u2013 25 de Novembro -, contou [&hellip;]<\/p>\n","protected":false},"author":2,"featured_media":0,"comment_status":"open","ping_status":"open","sticky":false,"template":"","format":"standard","meta":{"_links_to":"","_links_to_target":""},"categories":[1],"tags":[2221,39,25858,26052],"_links":{"self":[{"href":"https:\/\/www.blogdothame.blog.br\/v1\/wp-json\/wp\/v2\/posts\/97208"}],"collection":[{"href":"https:\/\/www.blogdothame.blog.br\/v1\/wp-json\/wp\/v2\/posts"}],"about":[{"href":"https:\/\/www.blogdothame.blog.br\/v1\/wp-json\/wp\/v2\/types\/post"}],"author":[{"embeddable":true,"href":"https:\/\/www.blogdothame.blog.br\/v1\/wp-json\/wp\/v2\/users\/2"}],"replies":[{"embeddable":true,"href":"https:\/\/www.blogdothame.blog.br\/v1\/wp-json\/wp\/v2\/comments?post=97208"}],"version-history":[{"count":2,"href":"https:\/\/www.blogdothame.blog.br\/v1\/wp-json\/wp\/v2\/posts\/97208\/revisions"}],"predecessor-version":[{"id":97220,"href":"https:\/\/www.blogdothame.blog.br\/v1\/wp-json\/wp\/v2\/posts\/97208\/revisions\/97220"}],"wp:attachment":[{"href":"https:\/\/www.blogdothame.blog.br\/v1\/wp-json\/wp\/v2\/media?parent=97208"}],"wp:term":[{"taxonomy":"category","embeddable":true,"href":"https:\/\/www.blogdothame.blog.br\/v1\/wp-json\/wp\/v2\/categories?post=97208"},{"taxonomy":"post_tag","embeddable":true,"href":"https:\/\/www.blogdothame.blog.br\/v1\/wp-json\/wp\/v2\/tags?post=97208"}],"curies":[{"name":"wp","href":"https:\/\/api.w.org\/{rel}","templated":true}]}}