{"id":97159,"date":"2019-11-26T12:00:35","date_gmt":"2019-11-26T15:00:35","guid":{"rendered":"http:\/\/www.blogdothame.blog.br\/v1\/?p=97159"},"modified":"2019-11-25T17:03:13","modified_gmt":"2019-11-25T20:03:13","slug":"entidades-de-itabuna-promovem-o-brilho-grapiuna","status":"publish","type":"post","link":"https:\/\/www.blogdothame.blog.br\/v1\/2019\/11\/26\/entidades-de-itabuna-promovem-o-brilho-grapiuna\/","title":{"rendered":"Entidades de Itabuna promovem \u2018O brilho Grapi\u00fana\u2019"},"content":{"rendered":"<p><img loading=\"lazy\" class=\"alignright size-medium wp-image-97160\" src=\"http:\/\/www.blogdothame.blog.br\/v1\/wp-content\/uploads\/2019\/11\/brilho-300x225.jpeg\" alt=\"brilho\" width=\"300\" height=\"225\" srcset=\"https:\/\/www.blogdothame.blog.br\/v1\/wp-content\/uploads\/2019\/11\/brilho-300x225.jpeg 300w, https:\/\/www.blogdothame.blog.br\/v1\/wp-content\/uploads\/2019\/11\/brilho.jpeg 1024w\" sizes=\"(max-width: 300px) 100vw, 300px\" \/>O Natal 2019 ter\u00e1 um brilho especial e in\u00e9dito em Itabuna:\u00a0 \u201cO Brilho Grapi\u00fana\u201d. \u00c9 um projeto desenvolvido pelo n\u00facleo de jovens empreendedores da Associa\u00e7\u00e3o Comercial e Empresarial de Itabuna \u2013 ACI e a iniciativa do Movimento Empresarial Sul da Bahia em A\u00e7\u00e3o &#8211; Mesb, que ir\u00e1 iluminar a Pra\u00e7a Olinto Leone com o intuito de valorizar o esp\u00edrito natalino.<\/p>\n<p>O projeto ir\u00e1 promover um aspecto de beleza e harmonia, iluminando e decorando a pra\u00e7a e ambientando o espa\u00e7o urbano para que as fam\u00edlias possam contemplar a tradi\u00e7\u00e3o da decora\u00e7\u00e3o e ilumina\u00e7\u00e3o natalina. \u201cVamos trazer luz ao nosso com\u00e9rcio. Reavivar o esp\u00edrito natalino \u00e9 trazer de volta o \u201cBrilho Grapi\u00fana\u201d\u201d, destaca Valdemir Silva, consultor do Empreender.<\/p>\n<p>O evento \u00e9 gratuito e acontecer\u00e1 entre os dias 9 e 23 de dezembro, sempre a partir das 18 horas, com participa\u00e7\u00e3o de cantatas de Natal, atra\u00e7\u00f5es musicais e alto de natal, al\u00e9m da chegada especial do Papai Noel que far\u00e1 um tour pelas principais avenidas do com\u00e9rcio e abrir\u00e1 a programa\u00e7\u00e3o oficial.<\/p>\n<p><!--more--><\/p>\n<p>A programa\u00e7\u00e3o do Brilho Grapi\u00fana foi discutida na semana passada com o presidente da C\u00e2mara de Dirigentes Lojistas \u2013 CDL de Itabuna, Carlos Leahy, o presidente da Funda\u00e7\u00e3o Itabunense de Cultura, Cidadania, Esporte e Turismo \u2013 FICC, Jo\u00e3o Le\u00e3o e demais autoridades locais que tamb\u00e9m estar\u00e3o juntos na realiza\u00e7\u00e3o do projeto.<\/p>\n<p>Emprego e renda<\/p>\n<p>O projeto ir\u00e1 movimentar o com\u00e9rcio da cidade, gerar empregos, incrementar a ind\u00fastria do turismo e ainda abrir espa\u00e7os para os pequenos e m\u00e9dios empreendedores que estar\u00e3o expondo e comercializando os seus produtos em estandes montados com artesanatos e gastronomia local.<\/p>\n<p>&nbsp;<\/p>\n<p>A pra\u00e7a ser\u00e1 ornamentada com dois grandes portais iluminados, a instala\u00e7\u00e3o de cercados de corda e madeira no entorno do espa\u00e7o, ilumina\u00e7\u00e3o na fachada dos quiosques e plotagem interna de cen\u00e1rio com a identidade visual do projeto.<\/p>\n","protected":false},"excerpt":{"rendered":"<p>O Natal 2019 ter\u00e1 um brilho especial e in\u00e9dito em Itabuna:\u00a0 \u201cO Brilho Grapi\u00fana\u201d. \u00c9 um projeto desenvolvido pelo n\u00facleo de jovens empreendedores da Associa\u00e7\u00e3o Comercial e Empresarial de Itabuna \u2013 ACI e a iniciativa do Movimento Empresarial Sul da Bahia em A\u00e7\u00e3o &#8211; Mesb, que ir\u00e1 iluminar a Pra\u00e7a Olinto Leone com o intuito [&hellip;]<\/p>\n","protected":false},"author":2,"featured_media":0,"comment_status":"open","ping_status":"open","sticky":false,"template":"","format":"standard","meta":{"_links_to":"","_links_to_target":""},"categories":[1],"tags":[6855,1318,26041],"_links":{"self":[{"href":"https:\/\/www.blogdothame.blog.br\/v1\/wp-json\/wp\/v2\/posts\/97159"}],"collection":[{"href":"https:\/\/www.blogdothame.blog.br\/v1\/wp-json\/wp\/v2\/posts"}],"about":[{"href":"https:\/\/www.blogdothame.blog.br\/v1\/wp-json\/wp\/v2\/types\/post"}],"author":[{"embeddable":true,"href":"https:\/\/www.blogdothame.blog.br\/v1\/wp-json\/wp\/v2\/users\/2"}],"replies":[{"embeddable":true,"href":"https:\/\/www.blogdothame.blog.br\/v1\/wp-json\/wp\/v2\/comments?post=97159"}],"version-history":[{"count":1,"href":"https:\/\/www.blogdothame.blog.br\/v1\/wp-json\/wp\/v2\/posts\/97159\/revisions"}],"predecessor-version":[{"id":97161,"href":"https:\/\/www.blogdothame.blog.br\/v1\/wp-json\/wp\/v2\/posts\/97159\/revisions\/97161"}],"wp:attachment":[{"href":"https:\/\/www.blogdothame.blog.br\/v1\/wp-json\/wp\/v2\/media?parent=97159"}],"wp:term":[{"taxonomy":"category","embeddable":true,"href":"https:\/\/www.blogdothame.blog.br\/v1\/wp-json\/wp\/v2\/categories?post=97159"},{"taxonomy":"post_tag","embeddable":true,"href":"https:\/\/www.blogdothame.blog.br\/v1\/wp-json\/wp\/v2\/tags?post=97159"}],"curies":[{"name":"wp","href":"https:\/\/api.w.org\/{rel}","templated":true}]}}