{"id":97142,"date":"2019-11-24T07:26:34","date_gmt":"2019-11-24T10:26:34","guid":{"rendered":"http:\/\/www.blogdothame.blog.br\/v1\/?p=97142"},"modified":"2019-11-24T10:37:53","modified_gmt":"2019-11-24T13:37:53","slug":"experiencias-que-transformam-o-setor-rural-sao-apresentadas-na-feira-baiana-da-agricultura-familiar","status":"publish","type":"post","link":"https:\/\/www.blogdothame.blog.br\/v1\/2019\/11\/24\/experiencias-que-transformam-o-setor-rural-sao-apresentadas-na-feira-baiana-da-agricultura-familiar\/","title":{"rendered":"Experi\u00eancias que transformam o setor rural s\u00e3o apresentadas na Feira Baiana da Agricultura Familiar"},"content":{"rendered":"<p><img loading=\"lazy\" class=\"aligncenter size-medium wp-image-97145\" src=\"http:\/\/www.blogdothame.blog.br\/v1\/wp-content\/uploads\/2019\/11\/PHOTO-2019-11-23-16-01-50-300x200.jpg\" alt=\"PHOTO-2019-11-23-16-01-50\" width=\"300\" height=\"200\" srcset=\"https:\/\/www.blogdothame.blog.br\/v1\/wp-content\/uploads\/2019\/11\/PHOTO-2019-11-23-16-01-50-300x200.jpg 300w, https:\/\/www.blogdothame.blog.br\/v1\/wp-content\/uploads\/2019\/11\/PHOTO-2019-11-23-16-01-50.jpg 512w\" sizes=\"(max-width: 300px) 100vw, 300px\" \/><\/p>\n<p>O p\u00fablico visitante da 10\u00aa Feira Baiana da Agricultura Familiar e Economia Solid\u00e1ria, maior evento da agricultura familiar do pa\u00eds, que come\u00e7a neste s\u00e1bado (23) e segue at\u00e9 1\u00ba de dezembro, no Parque de Exposi\u00e7\u00f5es de Salvador, ter\u00e1 a oportunidade de conhecer experi\u00eancias apresentadas no Balc\u00e3o Cient\u00edfico Tecnol\u00f3gico. O evento, promovido pelo Governo do Estado, por meio da Secretaria de Desenvolvimento Rural (SDR), ocorre durante a 32\u00aa Fenagro.<\/p>\n<p><img loading=\"lazy\" class=\"alignleft size-medium wp-image-97143\" src=\"http:\/\/www.blogdothame.blog.br\/v1\/wp-content\/uploads\/2019\/11\/PHOTO-2019-11-23-16-01-46-300x200.jpg\" alt=\"PHOTO-2019-11-23-16-01-46\" width=\"300\" height=\"200\" srcset=\"https:\/\/www.blogdothame.blog.br\/v1\/wp-content\/uploads\/2019\/11\/PHOTO-2019-11-23-16-01-46-300x200.jpg 300w, https:\/\/www.blogdothame.blog.br\/v1\/wp-content\/uploads\/2019\/11\/PHOTO-2019-11-23-16-01-46.jpg 512w\" sizes=\"(max-width: 300px) 100vw, 300px\" \/>No Balc\u00e3o Cient\u00edfico Tecnol\u00f3gico, composto por 13 estandes, ser\u00e3o apresentadas 76 experi\u00eancias desenvolvidas por agricultores experimentadores, extensionistas e estudantes, pesquisadores e professores de institui\u00e7\u00f5es da educa\u00e7\u00e3o profissional, Escolas Fam\u00edlias Agr\u00edcolas (EFAs), todas as universidades p\u00fablicas da Bahia e de universidades privadas e institutos federais, e a Empresa Brasileira de Pesquisa Agropecu\u00e1ria (Embrapa).<\/p>\n<p>O objetivo \u00e9 mostrar equipamentos, experimentos e tecnologias sociais, al\u00e9m de pesquisas, cursos e a\u00e7\u00f5es de extens\u00e3o, que contribuem com a produ\u00e7\u00e3o, beneficiamento de produtos, assist\u00eancia t\u00e9cnica e extens\u00e3o rural (Ater) e a comercializa\u00e7\u00e3o dos produtos da agricultura familiar e desenvolvimento rural, desenvolvidos por institui\u00e7\u00f5es de ensino, pesquisa e extens\u00e3o da Bahia.<\/p>\n<p>De acordo com o coordenador executivo da Cepex, Jos\u00e9 Augusto Tosato, a programa\u00e7\u00e3o tecnocient\u00edfica vinculada \u00e0 Feira da Agricultura Familiar completa os objetivos desse grande evento. \u201cO balc\u00e3o procura demonstrar o quanto os agricultores experimentadores, pesquisadores, extensionistas e professores est\u00e3o contribuindo com os resultados da socioeconomia da agricultura familiar, povos e comunidades tradicionais\u201d.<\/p>\n<p><!--more--><\/p>\n<p><img loading=\"lazy\" class=\"alignright size-medium wp-image-97144\" src=\"http:\/\/www.blogdothame.blog.br\/v1\/wp-content\/uploads\/2019\/11\/PHOTO-2019-11-23-16-01-47-300x200.jpg\" alt=\"PHOTO-2019-11-23-16-01-47\" width=\"300\" height=\"200\" srcset=\"https:\/\/www.blogdothame.blog.br\/v1\/wp-content\/uploads\/2019\/11\/PHOTO-2019-11-23-16-01-47-300x200.jpg 300w, https:\/\/www.blogdothame.blog.br\/v1\/wp-content\/uploads\/2019\/11\/PHOTO-2019-11-23-16-01-47.jpg 512w\" sizes=\"(max-width: 300px) 100vw, 300px\" \/>Essa edi\u00e7\u00e3o consolida as parcerias entre SDR\/Cepex, Secretaria da Educa\u00e7\u00e3o do Estado institutos de ensino e universidades. \u201cEles precisam estar sempre pr\u00f3ximos aos sistemas produtivos sustent\u00e1veis e solid\u00e1rios da agricultura familiar, combinando a tecnoci\u00eancia formal com os conhecimentos tradicionais e experimentais\u201d, completou Tosato.<\/p>\n<p>Entre os projetos apresentados est\u00e3o o de Fruticultura de Sequeiro, desenvolvido com o apoio do Governo do Estado, via SDR, na Escola Fam\u00edlia Agr\u00edcola (EFA) de Sobradinho; o Dessanilizador Artificial, do Centro Estadual de Educa\u00e7\u00e3o Profissional (CEEP) Gest\u00e3o e Neg\u00f3cios Norte Baiano e a Minif\u00e1brica Escola de Chocolate, do Centro Territorial de Educa\u00e7\u00e3o Profissional (CETEP) Baixo Sul, e muitos outros.<\/p>\n<p>Entre os expositores est\u00e3o o Instituto Federal de Educa\u00e7\u00e3o, Ci\u00eancia e Tecnologia da Bahia (Ifba), Instituto Federal de Educa\u00e7\u00e3o, Ci\u00eancia e Tecnologia Baiano (Ifbaiano), Universidade Federal do Rec\u00f4ncavo da Bahia (UFRB), Universidade Federal da Bahia (Ufba), Universidade Estadual de Feira de Santana (Uefs), Empresa Brasileira de Pesquisa Agropecu\u00e1ria (Embrapa), Escola Fam\u00edlia Agr\u00edcola (EFA), Funda\u00e7\u00e3o de Apoio \u00e0 Agricultura Familiar do Semi\u00e1rido da Bahia (Fatres), Instituto Regional da Pequena Agropecu\u00e1ria Apropriada (Irpaa), e Superintend\u00eancia de Educa\u00e7\u00e3o Profissional e Tecnol\u00f3gica (Suprot) da Secretaria da Educa\u00e7\u00e3o do Estado.<\/p>\n<p>Fonte: Ascom\/SDR<\/p>\n","protected":false},"excerpt":{"rendered":"<p>O p\u00fablico visitante da 10\u00aa Feira Baiana da Agricultura Familiar e Economia Solid\u00e1ria, maior evento da agricultura familiar do pa\u00eds, que come\u00e7a neste s\u00e1bado (23) e segue at\u00e9 1\u00ba de dezembro, no Parque de Exposi\u00e7\u00f5es de Salvador, ter\u00e1 a oportunidade de conhecer experi\u00eancias apresentadas no Balc\u00e3o Cient\u00edfico Tecnol\u00f3gico. O evento, promovido pelo Governo do Estado, [&hellip;]<\/p>\n","protected":false},"author":2,"featured_media":0,"comment_status":"open","ping_status":"open","sticky":false,"template":"","format":"standard","meta":{"_links_to":"","_links_to_target":""},"categories":[1],"tags":[26039,1253],"_links":{"self":[{"href":"https:\/\/www.blogdothame.blog.br\/v1\/wp-json\/wp\/v2\/posts\/97142"}],"collection":[{"href":"https:\/\/www.blogdothame.blog.br\/v1\/wp-json\/wp\/v2\/posts"}],"about":[{"href":"https:\/\/www.blogdothame.blog.br\/v1\/wp-json\/wp\/v2\/types\/post"}],"author":[{"embeddable":true,"href":"https:\/\/www.blogdothame.blog.br\/v1\/wp-json\/wp\/v2\/users\/2"}],"replies":[{"embeddable":true,"href":"https:\/\/www.blogdothame.blog.br\/v1\/wp-json\/wp\/v2\/comments?post=97142"}],"version-history":[{"count":1,"href":"https:\/\/www.blogdothame.blog.br\/v1\/wp-json\/wp\/v2\/posts\/97142\/revisions"}],"predecessor-version":[{"id":97146,"href":"https:\/\/www.blogdothame.blog.br\/v1\/wp-json\/wp\/v2\/posts\/97142\/revisions\/97146"}],"wp:attachment":[{"href":"https:\/\/www.blogdothame.blog.br\/v1\/wp-json\/wp\/v2\/media?parent=97142"}],"wp:term":[{"taxonomy":"category","embeddable":true,"href":"https:\/\/www.blogdothame.blog.br\/v1\/wp-json\/wp\/v2\/categories?post=97142"},{"taxonomy":"post_tag","embeddable":true,"href":"https:\/\/www.blogdothame.blog.br\/v1\/wp-json\/wp\/v2\/tags?post=97142"}],"curies":[{"name":"wp","href":"https:\/\/api.w.org\/{rel}","templated":true}]}}