{"id":97137,"date":"2019-11-24T10:19:51","date_gmt":"2019-11-24T13:19:51","guid":{"rendered":"http:\/\/www.blogdothame.blog.br\/v1\/?p=97137"},"modified":"2019-11-24T10:19:51","modified_gmt":"2019-11-24T13:19:51","slug":"pioneirismo-do-consorcio-nordeste-atrai-atencao-de-empresas-europeias","status":"publish","type":"post","link":"https:\/\/www.blogdothame.blog.br\/v1\/2019\/11\/24\/pioneirismo-do-consorcio-nordeste-atrai-atencao-de-empresas-europeias\/","title":{"rendered":"Pioneirismo do Cons\u00f3rcio Nordeste atrai aten\u00e7\u00e3o de empresas europeias"},"content":{"rendered":"<p><img loading=\"lazy\" class=\"aligncenter size-medium wp-image-97140\" src=\"http:\/\/www.blogdothame.blog.br\/v1\/wp-content\/uploads\/2019\/11\/Foto-Elisa-Elsie_Cons\u00f3rcio-Nordeste-3-300x200.jpeg\" alt=\"Foto Elisa Elsie_Cons\u00f3rcio Nordeste (3)\" width=\"300\" height=\"200\" srcset=\"https:\/\/www.blogdothame.blog.br\/v1\/wp-content\/uploads\/2019\/11\/Foto-Elisa-Elsie_Cons\u00f3rcio-Nordeste-3-300x200.jpeg 300w, https:\/\/www.blogdothame.blog.br\/v1\/wp-content\/uploads\/2019\/11\/Foto-Elisa-Elsie_Cons\u00f3rcio-Nordeste-3-1024x682.jpeg 1024w, https:\/\/www.blogdothame.blog.br\/v1\/wp-content\/uploads\/2019\/11\/Foto-Elisa-Elsie_Cons\u00f3rcio-Nordeste-3.jpeg 1280w\" sizes=\"(max-width: 300px) 100vw, 300px\" \/><br \/>\nIniciativa inovadora no Brasil, a miss\u00e3o internacional do Cons\u00f3rcio Nordeste apresentou \u00e0 Europa as oportunidades de investimento na regi\u00e3o para empresas da Fran\u00e7a, It\u00e1lia e Alemanha. Nos encontros realizados em Paris, Roma e Berlim, entre segunda (18) e sexta-feira (22), a uni\u00e3o dos nove estados chamou a aten\u00e7\u00e3o dos empres\u00e1rios e autoridades governamentais. Nas reuni\u00f5es, gestores nordestinos tamb\u00e9m explicaram o funcionamento do cons\u00f3rcio e o potencial do Nordeste, um mercado de 57 milh\u00f5es de consumidores.<\/p>\n<p><img loading=\"lazy\" class=\"alignleft size-medium wp-image-97138\" src=\"http:\/\/www.blogdothame.blog.br\/v1\/wp-content\/uploads\/2019\/11\/Foto-Elisa-Elsie_Cons\u00f3rcio-Nordeste-1-300x200.jpeg\" alt=\"Foto Elisa Elsie_Cons\u00f3rcio Nordeste (1)\" width=\"300\" height=\"200\" srcset=\"https:\/\/www.blogdothame.blog.br\/v1\/wp-content\/uploads\/2019\/11\/Foto-Elisa-Elsie_Cons\u00f3rcio-Nordeste-1-300x200.jpeg 300w, https:\/\/www.blogdothame.blog.br\/v1\/wp-content\/uploads\/2019\/11\/Foto-Elisa-Elsie_Cons\u00f3rcio-Nordeste-1-1024x682.jpeg 1024w, https:\/\/www.blogdothame.blog.br\/v1\/wp-content\/uploads\/2019\/11\/Foto-Elisa-Elsie_Cons\u00f3rcio-Nordeste-1.jpeg 1280w\" sizes=\"(max-width: 300px) 100vw, 300px\" \/>Em Berlim, \u00faltima cidade da agenda, os representantes dos nove estados estiveram, na sexta-feira, nas sedes dos Minist\u00e9rios da Economia, Educa\u00e7\u00e3o e Coopera\u00e7\u00e3o e Desenvolvimento da Alemanha, onde explicaram o funcionamento do Cons\u00f3rcio Nordeste, com o objetivo de fortalecer as rela\u00e7\u00f5es de coopera\u00e7\u00e3o, ampliar o fluxo de neg\u00f3cios com investidores europeus e gerar emprego e renda. Tamb\u00e9m fez parte da agenda uma reuni\u00e3o com diversos empres\u00e1rios alem\u00e3es realizada na Associa\u00e7\u00e3o das C\u00e2maras Alem\u00e3s de Com\u00e9rcio e Ind\u00fastria.<\/p>\n<p>Na passagem pelas tr\u00eas capitais, o cons\u00f3rcio destacou o potencial de consumo e de desenvolvimento da regi\u00e3o brasileira, que tem um Produto Interno Bruto (PIB) de R$ 898,1 bilh\u00f5es, equivalente a 14% do PIB brasileiro. A viagem \u00e9 uma articula\u00e7\u00e3o para atra\u00e7\u00e3o de investimentos, inclusive com a perspectiva de abertura de parceria p\u00fablico-privada (PPP).<\/p>\n<p>\u201cO objetivo de buscar acelerar o desenvolvimento e a gera\u00e7\u00e3o de emprego foi plenamente alcan\u00e7ado a partir da integra\u00e7\u00e3o econ\u00f4mica com a Europa. Estamos programando uma ida \u00e0 Espanha e Bruxelas no in\u00edcio de 2020 para fazer contato com o banco europeu de investimentos e visitar o parlamento. Depois, China e R\u00fassia para continuar dando visibilidade ao Nordeste\u201d, comentou o governador da Bahia e presidente do Cons\u00f3rcio Nordeste, Rui Costa.<\/p>\n<p><!--more--><\/p>\n<p><img loading=\"lazy\" class=\"alignright size-medium wp-image-97139\" src=\"http:\/\/www.blogdothame.blog.br\/v1\/wp-content\/uploads\/2019\/11\/Foto-Elisa-Elsie_Cons\u00f3rcio-Nordeste-2-300x200.jpeg\" alt=\"Foto Elisa Elsie_Cons\u00f3rcio Nordeste (2)\" width=\"300\" height=\"200\" srcset=\"https:\/\/www.blogdothame.blog.br\/v1\/wp-content\/uploads\/2019\/11\/Foto-Elisa-Elsie_Cons\u00f3rcio-Nordeste-2-300x200.jpeg 300w, https:\/\/www.blogdothame.blog.br\/v1\/wp-content\/uploads\/2019\/11\/Foto-Elisa-Elsie_Cons\u00f3rcio-Nordeste-2-1024x682.jpeg 1024w, https:\/\/www.blogdothame.blog.br\/v1\/wp-content\/uploads\/2019\/11\/Foto-Elisa-Elsie_Cons\u00f3rcio-Nordeste-2.jpeg 1280w\" sizes=\"(max-width: 300px) 100vw, 300px\" \/>Ainda segundo o presidente do cons\u00f3rcio, est\u00e3o previstos dois encontros no primeiro trimestre do ano que vem, no Nordeste, para divulgar, detalhadamente, aos investidores estrangeiros as licita\u00e7\u00f5es nas \u00e1reas de tratamento de \u00e1gua, esgoto, res\u00edduos s\u00f3lidos, transporte e cidade sustent\u00e1vel.<\/p>\n<p>Na It\u00e1lia, onde estiveram reunidos com empres\u00e1rios em Roma, os gestores apresentaram o potencial da regi\u00e3o para investimentos em \u00e1reas como sustentabilidade, infraestrutura, turismo, sa\u00fade, seguran\u00e7a p\u00fablica, saneamento e energias limpas. O evento foi organizado pela Confedera\u00e7\u00e3o Geral da Ind\u00fastria Italiana (Confindustria).<\/p>\n<p>A Fran\u00e7a foi o primeiro pa\u00eds de destino do Cons\u00f3rcio. Os compromissos em Paris foram divididos em dois dias, na segunda e ter\u00e7a-feira, e tamb\u00e9m contou com a participa\u00e7\u00e3o de empres\u00e1rios locais. A agenda incluiu encontro com a diretoria geral da Ag\u00eancia Francesa de Desenvolvimento (AFD), para tratar sobre cr\u00e9dito para investimentos, principalmente, nas \u00e1reas de sustentabilidade e agricultura familiar. Na ocasi\u00e3o, foi assinada uma carta de inten\u00e7\u00e3o de coopera\u00e7\u00e3o, entre o cons\u00f3rcio e a secret\u00e1ria de Estado do Minist\u00e9rio de Transi\u00e7\u00e3o Ecol\u00f3gica e Solid\u00e1ria, Brune Poirson, nas \u00e1reas de meio ambiente e cidade sustent\u00e1vel.<\/p>\n<p>Participaram da miss\u00e3o do Cons\u00f3rcio Nordeste na Europa os governadores Rui Costa (Bahia), Renan Filho (Alagoas), Camilo Santana (Cear\u00e1), Jo\u00e3o Azev\u00eado (Para\u00edba), Paulo C\u00e2mara (Pernambuco), Wellington Dias (Piau\u00ed), F\u00e1tima Bezerra (Rio Grande do Norte), assim como o vice-governador Carlos Brand\u00e3o (Maranh\u00e3o). O governador de Sergipe foi representado pelo superintendente de Parcerias P\u00fablico Privadas, Oliveira Junior. (Fotos: Elisa Elsie\/Cons\u00f3rcio Nordeste)<\/p>\n","protected":false},"excerpt":{"rendered":"<p>Iniciativa inovadora no Brasil, a miss\u00e3o internacional do Cons\u00f3rcio Nordeste apresentou \u00e0 Europa as oportunidades de investimento na regi\u00e3o para empresas da Fran\u00e7a, It\u00e1lia e Alemanha. Nos encontros realizados em Paris, Roma e Berlim, entre segunda (18) e sexta-feira (22), a uni\u00e3o dos nove estados chamou a aten\u00e7\u00e3o dos empres\u00e1rios e autoridades governamentais. Nas reuni\u00f5es, [&hellip;]<\/p>\n","protected":false},"author":2,"featured_media":0,"comment_status":"open","ping_status":"open","sticky":false,"template":"","format":"standard","meta":{"_links_to":"","_links_to_target":""},"categories":[1],"tags":[1489,25009,1487,26038,621,257,615],"_links":{"self":[{"href":"https:\/\/www.blogdothame.blog.br\/v1\/wp-json\/wp\/v2\/posts\/97137"}],"collection":[{"href":"https:\/\/www.blogdothame.blog.br\/v1\/wp-json\/wp\/v2\/posts"}],"about":[{"href":"https:\/\/www.blogdothame.blog.br\/v1\/wp-json\/wp\/v2\/types\/post"}],"author":[{"embeddable":true,"href":"https:\/\/www.blogdothame.blog.br\/v1\/wp-json\/wp\/v2\/users\/2"}],"replies":[{"embeddable":true,"href":"https:\/\/www.blogdothame.blog.br\/v1\/wp-json\/wp\/v2\/comments?post=97137"}],"version-history":[{"count":1,"href":"https:\/\/www.blogdothame.blog.br\/v1\/wp-json\/wp\/v2\/posts\/97137\/revisions"}],"predecessor-version":[{"id":97141,"href":"https:\/\/www.blogdothame.blog.br\/v1\/wp-json\/wp\/v2\/posts\/97137\/revisions\/97141"}],"wp:attachment":[{"href":"https:\/\/www.blogdothame.blog.br\/v1\/wp-json\/wp\/v2\/media?parent=97137"}],"wp:term":[{"taxonomy":"category","embeddable":true,"href":"https:\/\/www.blogdothame.blog.br\/v1\/wp-json\/wp\/v2\/categories?post=97137"},{"taxonomy":"post_tag","embeddable":true,"href":"https:\/\/www.blogdothame.blog.br\/v1\/wp-json\/wp\/v2\/tags?post=97137"}],"curies":[{"name":"wp","href":"https:\/\/api.w.org\/{rel}","templated":true}]}}