{"id":97094,"date":"2019-11-22T08:18:54","date_gmt":"2019-11-22T11:18:54","guid":{"rendered":"http:\/\/www.blogdothame.blog.br\/v1\/?p=97094"},"modified":"2019-11-21T17:23:15","modified_gmt":"2019-11-21T20:23:15","slug":"fabiana-virgens-vence-18o-concurso-beleza-negra","status":"publish","type":"post","link":"https:\/\/www.blogdothame.blog.br\/v1\/2019\/11\/22\/fabiana-virgens-vence-18o-concurso-beleza-negra\/","title":{"rendered":"Fabiana Virgens vence 18\u00ba Concurso Beleza Negra"},"content":{"rendered":"<p><img loading=\"lazy\" class=\"aligncenter  wp-image-97095\" src=\"http:\/\/www.blogdothame.blog.br\/v1\/wp-content\/uploads\/2019\/11\/beleza-negra-1A-1024x576.jpg\" alt=\"beleza negra 1A\" width=\"402\" height=\"226\" srcset=\"https:\/\/www.blogdothame.blog.br\/v1\/wp-content\/uploads\/2019\/11\/beleza-negra-1A-1024x576.jpg 1024w, https:\/\/www.blogdothame.blog.br\/v1\/wp-content\/uploads\/2019\/11\/beleza-negra-1A-300x169.jpg 300w, https:\/\/www.blogdothame.blog.br\/v1\/wp-content\/uploads\/2019\/11\/beleza-negra-1A.jpg 1397w\" sizes=\"(max-width: 402px) 100vw, 402px\" \/><\/p>\n<p>Concorrendo com 11 candidatas, a estudante\u00a0Fabiana das Virgens, foi a vencedora do 18\u00ba\u00a0 Concurso Beleza Negra, realizado na Usemi,\u00a0 promovido pelo ambientalista e produtor Walmir do Carmo, como parte da Semana da Consci\u00eancia Negra, em Itabuna. O segundo lugar ficou com Geovana Oliveira Santos e o terceiro, com Mariana Brito dos Santos, que receberam da Funda\u00e7\u00e3o Itabunense de Cultura e Cidadania (FICC), um pr\u00eamio de R$ 2 mil, sendo R$ 1 mil para a vencedora, R$ 600 para a segunda colocada e R$ 400 para a terceira, al\u00e9m de brindes de diversas empresas regionais.<\/p>\n<p>&nbsp;<\/p>\n<p>As tr\u00eas vencedoras do concurso tamb\u00e9m dever\u00e3o participar da Lavagem do Beco do Fuxico, na abertura do Carnaval Antecipado em 2020, como informou o presidente da FICC, Daniel Le\u00e3o, ao destacar a import\u00e2ncia do resgate das tradi\u00e7\u00f5es culturais da comunidade, uma prioridade para o governo municipal e que integra o programa de gest\u00e3o do prefeito Fernando Gomes.<\/p>\n<p><!--more--><\/p>\n<p>Le\u00e3o enfatizou ainda, que\u00a0O\u00a0Dia Nacional da Consci\u00eancia Negra, festejado ontem (20), \u00e9 celebrado no Brasil, com feriado em mais de mil cidades e em diversos estados da federa\u00e7\u00e3o, como uma data\u00a0 dedicada a uma reflex\u00e3o sobre a inser\u00e7\u00e3o do\u00a0negro na sociedade brasileira \u201ce no nosso caso, de Itabuna, em particular, que teve uma participa\u00e7\u00e3o efetiva dos negros na constru\u00e7\u00e3o da sua hist\u00f3ria e no seu desenvolvimento econ\u00f4mico e social\u201d, salientou o presidente da FICC.<\/p>\n<p>&nbsp;<\/p>\n<p>O concurso foi aberto com um show de Adilson Nascimento e marcou os<br \/>\n32 anos de atividades do projeto\u00a0que resultou no Concurso Beleza Negra, que ganhou uma dimens\u00e3o regional, com direito a disputas de torcidas das candidatas.<br \/>\nO evento tamb\u00e9m incluiu apresenta\u00e7\u00f5es de poesia, m\u00fasica e dan\u00e7a, al\u00e9m de uma s\u00e9rie de homenagens\u00a0ao artista pl\u00e1stico\u00a0Renart Marques, ao produtor cultural Egnaldo Fran\u00e7a do grupo Encantarte, ao professor, escritor e babalorix\u00e1 Rui P\u00f3voas, ao pai Gildo, Ari Rodrigues, pai Bernardino de Omolu, al\u00e9m do empres\u00e1rio Otoniel Azevedo, entre outras personalidades.<\/p>\n<p>&nbsp;<\/p>\n<p>No desfile, as\u00a0candidatas se exibiram inicialmente vestida de branco e depois com roupas africanas estilizadas, bem como realizando apresenta\u00e7\u00f5es coreogr\u00e1ficas.<\/p>\n","protected":false},"excerpt":{"rendered":"<p>Concorrendo com 11 candidatas, a estudante\u00a0Fabiana das Virgens, foi a vencedora do 18\u00ba\u00a0 Concurso Beleza Negra, realizado na Usemi,\u00a0 promovido pelo ambientalista e produtor Walmir do Carmo, como parte da Semana da Consci\u00eancia Negra, em Itabuna. O segundo lugar ficou com Geovana Oliveira Santos e o terceiro, com Mariana Brito dos Santos, que receberam da [&hellip;]<\/p>\n","protected":false},"author":2,"featured_media":0,"comment_status":"open","ping_status":"open","sticky":false,"template":"","format":"standard","meta":{"_links_to":"","_links_to_target":""},"categories":[1],"tags":[26029,26028,297,39],"_links":{"self":[{"href":"https:\/\/www.blogdothame.blog.br\/v1\/wp-json\/wp\/v2\/posts\/97094"}],"collection":[{"href":"https:\/\/www.blogdothame.blog.br\/v1\/wp-json\/wp\/v2\/posts"}],"about":[{"href":"https:\/\/www.blogdothame.blog.br\/v1\/wp-json\/wp\/v2\/types\/post"}],"author":[{"embeddable":true,"href":"https:\/\/www.blogdothame.blog.br\/v1\/wp-json\/wp\/v2\/users\/2"}],"replies":[{"embeddable":true,"href":"https:\/\/www.blogdothame.blog.br\/v1\/wp-json\/wp\/v2\/comments?post=97094"}],"version-history":[{"count":1,"href":"https:\/\/www.blogdothame.blog.br\/v1\/wp-json\/wp\/v2\/posts\/97094\/revisions"}],"predecessor-version":[{"id":97096,"href":"https:\/\/www.blogdothame.blog.br\/v1\/wp-json\/wp\/v2\/posts\/97094\/revisions\/97096"}],"wp:attachment":[{"href":"https:\/\/www.blogdothame.blog.br\/v1\/wp-json\/wp\/v2\/media?parent=97094"}],"wp:term":[{"taxonomy":"category","embeddable":true,"href":"https:\/\/www.blogdothame.blog.br\/v1\/wp-json\/wp\/v2\/categories?post=97094"},{"taxonomy":"post_tag","embeddable":true,"href":"https:\/\/www.blogdothame.blog.br\/v1\/wp-json\/wp\/v2\/tags?post=97094"}],"curies":[{"name":"wp","href":"https:\/\/api.w.org\/{rel}","templated":true}]}}