{"id":97038,"date":"2019-11-20T17:00:09","date_gmt":"2019-11-20T20:00:09","guid":{"rendered":"http:\/\/www.blogdothame.blog.br\/v1\/?p=97038"},"modified":"2019-11-20T15:45:11","modified_gmt":"2019-11-20T18:45:11","slug":"mais-de-40-empresarios-italianos-conhecem-oportunidades-de-negocios-no-nordeste","status":"publish","type":"post","link":"https:\/\/www.blogdothame.blog.br\/v1\/2019\/11\/20\/mais-de-40-empresarios-italianos-conhecem-oportunidades-de-negocios-no-nordeste\/","title":{"rendered":"Mais de 40 empres\u00e1rios italianos conhecem oportunidades de neg\u00f3cios no Nordeste"},"content":{"rendered":"<p>&nbsp;<\/p>\n<p><img loading=\"lazy\" class=\"aligncenter  wp-image-97041\" src=\"http:\/\/www.blogdothame.blog.br\/v1\/wp-content\/uploads\/2019\/11\/Foto_Elisa-Elsie-2-1024x682.jpg\" alt=\"Foto_Elisa Elsie (2)\" width=\"382\" height=\"254\" srcset=\"https:\/\/www.blogdothame.blog.br\/v1\/wp-content\/uploads\/2019\/11\/Foto_Elisa-Elsie-2-1024x682.jpg 1024w, https:\/\/www.blogdothame.blog.br\/v1\/wp-content\/uploads\/2019\/11\/Foto_Elisa-Elsie-2-300x200.jpg 300w, https:\/\/www.blogdothame.blog.br\/v1\/wp-content\/uploads\/2019\/11\/Foto_Elisa-Elsie-2.jpg 1280w\" sizes=\"(max-width: 382px) 100vw, 382px\" \/>A It\u00e1lia \u00e9 um dos pa\u00edses de interesse do Nordeste para amplia\u00e7\u00e3o do fluxo de neg\u00f3cios. Os governadores da regi\u00e3o participaram de evento com mais de 40 empres\u00e1rios italianos em Roma, nesta quarta-feira (20), quando apresentaram o potencial do Nordeste para investimentos em \u00e1reas como sustentabilidade, infraestrutura, turismo, sa\u00fade, seguran\u00e7a p\u00fablica, saneamento e energias limpas.<\/p>\n<p><img loading=\"lazy\" class=\"alignleft size-medium wp-image-97039\" src=\"http:\/\/www.blogdothame.blog.br\/v1\/wp-content\/uploads\/2019\/11\/Foto_Elisa-Elsie-1-300x200.jpg\" alt=\"Foto_Elisa Elsie (1)\" width=\"300\" height=\"200\" srcset=\"https:\/\/www.blogdothame.blog.br\/v1\/wp-content\/uploads\/2019\/11\/Foto_Elisa-Elsie-1-300x200.jpg 300w, https:\/\/www.blogdothame.blog.br\/v1\/wp-content\/uploads\/2019\/11\/Foto_Elisa-Elsie-1-1024x682.jpg 1024w, https:\/\/www.blogdothame.blog.br\/v1\/wp-content\/uploads\/2019\/11\/Foto_Elisa-Elsie-1.jpg 1280w\" sizes=\"(max-width: 300px) 100vw, 300px\" \/>?No evento, organizado pela Confedera\u00e7\u00e3o Geral da Ind\u00fastria Italiana (Confindustria), os empres\u00e1rios conversaram com os governadores em busca de informa\u00e7\u00f5es mais detalhadas sobre os neg\u00f3cios e tamb\u00e9m para o esclarecimento de d\u00favidas.<\/p>\n<p>A diretora de Rela\u00e7\u00f5es Internacionais da Confindustria, Ana Elisa Bison, destacou a import\u00e2ncia da uni\u00e3o dos estados. \u201cA ideia do cons\u00f3rcio \u00e9 muito interessante porque consegue fazer, entre outras coisas, compras conjuntas e economizar. Juntos, como um \u00fanico territ\u00f3rio, os estados t\u00eam mais for\u00e7a para atrair mais investimentos estrangeiros\u201d. A diretora revelou ainda que a Confindustria est\u00e1 planejando uma miss\u00e3o ao Brasil para 2020.<\/p>\n<p>\u201cTemos ao todo, no Nordeste, R$ 27 bilh\u00f5es em projetos de parcerias p\u00fablico-privadas [PPP] que ser\u00e3o licitadas no ano que vem. Queremos convidar os italianos para participar dessa oportunidade e ampliar a parceria com o Brasil\u201d, convocou o governador da Bahia, Rui Costa.<\/p>\n<p><!--more--><\/p>\n<p><img loading=\"lazy\" class=\"alignright size-medium wp-image-97040\" src=\"http:\/\/www.blogdothame.blog.br\/v1\/wp-content\/uploads\/2019\/11\/Foto_Elisa-Elsie-300x200.jpg\" alt=\"Foto_Elisa Elsie\" width=\"300\" height=\"200\" srcset=\"https:\/\/www.blogdothame.blog.br\/v1\/wp-content\/uploads\/2019\/11\/Foto_Elisa-Elsie-300x200.jpg 300w, https:\/\/www.blogdothame.blog.br\/v1\/wp-content\/uploads\/2019\/11\/Foto_Elisa-Elsie-1024x682.jpg 1024w, https:\/\/www.blogdothame.blog.br\/v1\/wp-content\/uploads\/2019\/11\/Foto_Elisa-Elsie.jpg 1280w\" sizes=\"(max-width: 300px) 100vw, 300px\" \/>?A viagem \u00e0 Europa \u00e9 uma articula\u00e7\u00e3o do Cons\u00f3rcio Nordeste para atra\u00e7\u00e3o de investimentos, inclusive com a perspectiva de abertura de PPP. Na Europa, os governadores destacam a capacidade de consumo e de desenvolvimento da regi\u00e3o, que \u00e9 a segunda mais populosa do Brasil e a terceira maior em extens\u00e3o territorial.<\/p>\n<p>?O cons\u00f3rcio busca investimentos europeus para promover melhoria da infraestrutura rodovi\u00e1ria, de transmiss\u00e3o el\u00e9trica e para conex\u00e3o de internet no Nordeste. Os gestores tamb\u00e9m negociam o emprego de tecnologia de ponta na seguran\u00e7a p\u00fablica, al\u00e9m do fomento a rotas de turismo e a programas de sustentabilidade.<\/p>\n<p>Financiamento na \u00e1rea social<\/p>\n<p>?Ainda nesta quarta (20), em Roma, o Fundo Internacional de Desenvolvimento Agr\u00edcola (Fida), parceiro do Nordeste em projetos de agricultura familiar, gest\u00e3o produtiva e promo\u00e7\u00e3o da sustentabilidade, recebeu os governadores na sede da institui\u00e7\u00e3o. O Fida investe no Nordeste desde 1980, por meio de parcerias com governos estaduais e federal, concentrando esfor\u00e7os na popula\u00e7\u00e3o rural de baixa renda.<\/p>\n<p>Durante o encontro, o Fida se comprometeu a analisar a elabora\u00e7\u00e3o de um projeto \u00fanico para financiar o Cons\u00f3rcio Nordeste em a\u00e7\u00f5es de abastecimento de \u00e1gua.<\/p>\n<p>?O Nordeste possui 3,9 milh\u00f5es de estabelecimentos agr\u00edcolas, sendo 77% da agricultura familiar. As iniciativas do Fida t\u00eam o objetivo de apoiar e promover o aumento da produ\u00e7\u00e3o e da renda dos agricultores familiares. No total, 71.654 fam\u00edlias nordestinas j\u00e1 foram beneficiadas.<\/p>\n<p>Encontros governamentais<\/p>\n<p>Tamb\u00e9m como parte da extensa agenda desta quarta-feira (20), em Roma, os gestores nordestinos apresentaram o Cons\u00f3rcio ao ministro italiano de Economia e Finan\u00e7as, Roberto Gualtieri, e \u00e0 vice-ministra de Neg\u00f3cios Estrangeiros e Coopera\u00e7\u00e3o Internacional, Marina Sereni.<\/p>\n<p>\u201cOs senhores representam uma parcela muito importante da popula\u00e7\u00e3o, com 57 milh\u00f5es de habitantes. \u00c9 uma parte do territ\u00f3rio brasileiro que pode ter o maior desenvolvimento nos pr\u00f3ximos anos. Muitas de nossas empresas italianas est\u00e3o em seus estados e a coopera\u00e7\u00e3o econ\u00f4mica \u00e9 tamb\u00e9m uma ferramenta para superar os desafios em comum que n\u00f3s temos\u201d, comentou a vice-ministra Marina Sereni.<\/p>\n<p>J\u00e1 o ministro Gualtieri disse que a It\u00e1lia est\u00e1 muito interessada na coopera\u00e7\u00e3o pol\u00edtica e econ\u00f4mica com o Brasil. Ele sugeriu a cria\u00e7\u00e3o de uma mesa de trabalho entre o Nordeste e a It\u00e1lia para aprofundar os temas, em especial na \u00e1rea de infraestrutura urbana.<\/p>\n<p>?Participam da viagem os governadores Rui Costa (Bahia), Renan Filho (Alagoas), Camilo Santana (Cear\u00e1), Jo\u00e3o Azev\u00eado (Para\u00edba), Paulo C\u00e2mara (Pernambuco), Wellington Dias (Piau\u00ed), F\u00e1tima Bezerra (Rio Grande do Norte), assim como o vice-governador Carlos Brand\u00e3o (Maranh\u00e3o). O governador de Sergipe est\u00e1 representado pelo superintendente de PPPs, Oliveira Junior.<\/p>\n<p>?Depois de Roma, o grupo segue para Berlim, onde tem compromissos na quinta (21) e sexta-feira (22), encerrando a miss\u00e3o na Europa.<\/p>\n<p>Fotos: Elisa Elsie<\/p>\n","protected":false},"excerpt":{"rendered":"<p>&nbsp; A It\u00e1lia \u00e9 um dos pa\u00edses de interesse do Nordeste para amplia\u00e7\u00e3o do fluxo de neg\u00f3cios. Os governadores da regi\u00e3o participaram de evento com mais de 40 empres\u00e1rios italianos em Roma, nesta quarta-feira (20), quando apresentaram o potencial do Nordeste para investimentos em \u00e1reas como sustentabilidade, infraestrutura, turismo, sa\u00fade, seguran\u00e7a p\u00fablica, saneamento e energias [&hellip;]<\/p>\n","protected":false},"author":2,"featured_media":0,"comment_status":"open","ping_status":"open","sticky":false,"template":"","format":"standard","meta":{"_links_to":"","_links_to_target":""},"categories":[1],"tags":[26009,26010,25009,26008,6287,26007,615],"_links":{"self":[{"href":"https:\/\/www.blogdothame.blog.br\/v1\/wp-json\/wp\/v2\/posts\/97038"}],"collection":[{"href":"https:\/\/www.blogdothame.blog.br\/v1\/wp-json\/wp\/v2\/posts"}],"about":[{"href":"https:\/\/www.blogdothame.blog.br\/v1\/wp-json\/wp\/v2\/types\/post"}],"author":[{"embeddable":true,"href":"https:\/\/www.blogdothame.blog.br\/v1\/wp-json\/wp\/v2\/users\/2"}],"replies":[{"embeddable":true,"href":"https:\/\/www.blogdothame.blog.br\/v1\/wp-json\/wp\/v2\/comments?post=97038"}],"version-history":[{"count":1,"href":"https:\/\/www.blogdothame.blog.br\/v1\/wp-json\/wp\/v2\/posts\/97038\/revisions"}],"predecessor-version":[{"id":97042,"href":"https:\/\/www.blogdothame.blog.br\/v1\/wp-json\/wp\/v2\/posts\/97038\/revisions\/97042"}],"wp:attachment":[{"href":"https:\/\/www.blogdothame.blog.br\/v1\/wp-json\/wp\/v2\/media?parent=97038"}],"wp:term":[{"taxonomy":"category","embeddable":true,"href":"https:\/\/www.blogdothame.blog.br\/v1\/wp-json\/wp\/v2\/categories?post=97038"},{"taxonomy":"post_tag","embeddable":true,"href":"https:\/\/www.blogdothame.blog.br\/v1\/wp-json\/wp\/v2\/tags?post=97038"}],"curies":[{"name":"wp","href":"https:\/\/api.w.org\/{rel}","templated":true}]}}