{"id":96990,"date":"2019-11-20T09:39:15","date_gmt":"2019-11-20T12:39:15","guid":{"rendered":"http:\/\/www.blogdothame.blog.br\/v1\/?p=96990"},"modified":"2019-11-20T09:39:15","modified_gmt":"2019-11-20T12:39:15","slug":"consorcio-nordeste-e-franca-assinam-carta-de-cooperacao","status":"publish","type":"post","link":"https:\/\/www.blogdothame.blog.br\/v1\/2019\/11\/20\/consorcio-nordeste-e-franca-assinam-carta-de-cooperacao\/","title":{"rendered":"Cons\u00f3rcio Nordeste e Fran\u00e7a assinam carta de coopera\u00e7\u00e3o"},"content":{"rendered":"<p><img loading=\"lazy\" class=\"aligncenter  wp-image-96993\" src=\"http:\/\/www.blogdothame.blog.br\/v1\/wp-content\/uploads\/2019\/11\/fra-2.jpeg\" alt=\"fra 2\" width=\"372\" height=\"248\" srcset=\"https:\/\/www.blogdothame.blog.br\/v1\/wp-content\/uploads\/2019\/11\/fra-2.jpeg 511w, https:\/\/www.blogdothame.blog.br\/v1\/wp-content\/uploads\/2019\/11\/fra-2-300x200.jpeg 300w\" sizes=\"(max-width: 372px) 100vw, 372px\" \/><\/p>\n<p>A agenda ambiental foi tema de mais um dos encontros dos governadores do Nordeste em Paris. Nesta ter\u00e7a-feira (19), ap\u00f3s reuni\u00e3o na Ag\u00eancia Francesa de Desenvolvimento (AFD), os nove governadores se encontraram com a secret\u00e1ria de Estado do Minist\u00e9rio de Transi\u00e7\u00e3o Ecol\u00f3gica e Solid\u00e1ria, Brune Poirson. Na ocasi\u00e3o, o governador da Bahia Rui Costa, representando o Cons\u00f3rcio, assinou com a secret\u00e1ria de Estado da Fran\u00e7a uma carta de inten\u00e7\u00e3o de coopera\u00e7\u00e3o nas \u00e1reas de meio ambiente e cidade sustent\u00e1vel.<\/p>\n<p>O documento prev\u00ea coopera\u00e7\u00e3o bilateral nas seguintes \u00e1reas: prote\u00e7\u00e3o da biodiversidade e ecoturismo; agrosilvicultura; gest\u00e3o do lixo; \u00e1gua e saneamento; cidade sustent\u00e1vel e mobilidade sustent\u00e1vel. As formas de coopera\u00e7\u00e3o podem incluir a troca de tecnologias e experi\u00eancias, al\u00e9m da promo\u00e7\u00e3o de semin\u00e1rios e confer\u00eancias nas \u00e1reas citadas.<\/p>\n<div id=\"attachment_96991\" style=\"width: 333px\" class=\"wp-caption aligncenter\"><img aria-describedby=\"caption-attachment-96991\" loading=\"lazy\" class=\" wp-image-96991\" src=\"http:\/\/www.blogdothame.blog.br\/v1\/wp-content\/uploads\/2019\/11\/fra-3.jpeg\" alt=\"Governadores foram recebidos pelo ministro da Europa e de Rela\u00e7\u00f5es Exteriores da Fran\u00e7a, Jean-Yves Le Drian\" width=\"323\" height=\"242\" srcset=\"https:\/\/www.blogdothame.blog.br\/v1\/wp-content\/uploads\/2019\/11\/fra-3.jpeg 512w, https:\/\/www.blogdothame.blog.br\/v1\/wp-content\/uploads\/2019\/11\/fra-3-300x225.jpeg 300w\" sizes=\"(max-width: 323px) 100vw, 323px\" \/><p id=\"caption-attachment-96991\" class=\"wp-caption-text\">Governadores foram recebidos pelo ministro da Europa e de Rela\u00e7\u00f5es Exteriores da Fran\u00e7a, Jean-Yves Le Drian<\/p><\/div>\n<p>\u201cCompartilhamos dos mesmos valores da Fran\u00e7a em rela\u00e7\u00e3o \u00e0 preserva\u00e7\u00e3o do meio ambiente e de apoio ao desenvolvimento sustent\u00e1vel. Nos alegra poder integrar o Nordeste com a Fran\u00e7a e que possamos desenvolver parcerias tamb\u00e9m na \u00e1rea ambiental\u201d, comentou Rui Costa.<\/p>\n<p><!--more--><\/p>\n<p><img loading=\"lazy\" class=\"alignleft  wp-image-96992\" src=\"http:\/\/www.blogdothame.blog.br\/v1\/wp-content\/uploads\/2019\/11\/fra-1.jpeg\" alt=\"fra 1\" width=\"390\" height=\"260\" srcset=\"https:\/\/www.blogdothame.blog.br\/v1\/wp-content\/uploads\/2019\/11\/fra-1.jpeg 511w, https:\/\/www.blogdothame.blog.br\/v1\/wp-content\/uploads\/2019\/11\/fra-1-300x200.jpeg 300w\" sizes=\"(max-width: 390px) 100vw, 390px\" \/>Ministro Le Drian<\/p>\n<p>Ainda na tarde desta ter\u00e7a em Paris, os governadores foram recebidos pelo ministro da Europa e de Rela\u00e7\u00f5es Exteriores da Fran\u00e7a, Jean-Yves Le Drian. O grupo apresentou ao ministro o potencial do Nordeste para investimentos estrangeiros e sinalizou a possibilidade de parcerias nas \u00e1reas de sa\u00fade e agricultura familiar.<\/p>\n<p>Este foi o segundo encontro no ano entre Le Drian e os governadores do Cons\u00f3rcio Nordeste. Durante passagem pelo Brasil no m\u00eas de julho, o ministro e os gestores definiram, em Bras\u00edlia, um roteiro para a realiza\u00e7\u00e3o de projetos que ligam os Objetivos do Desenvolvimento Sustent\u00e1vel (ODS), estabelecidos pelaC\u00fapula das Na\u00e7\u00f5es Unidas, \u00e0 presta\u00e7\u00e3o de servi\u00e7os p\u00fablicos de qualidade.<\/p>\n<p>\u201cA audi\u00eancia deu sequ\u00eancia a um termo de compromisso assinado no Brasil, que pautou v\u00e1rias agendas e resultou na inclus\u00e3o de assuntos ligados \u00e0 sa\u00fade, e que possibilitar\u00e1 ainda a assinatura de um novo termo no nosso pa\u00eds, considerando a possibilidade de empresas francesas, refer\u00eancias no processamento de medicamentos, levarem a sua experi\u00eancia e tecnologia para o Brasil\u201d, explicou o governador da Para\u00edba, Jo\u00e3o Azevedo.<\/p>\n<p>Participam da viagem os governadores Rui Costa (Bahia), Renan Filho (Alagoas), Camilo Santana (Cear\u00e1), Jo\u00e3o Azev\u00eado (Para\u00edba), Paulo C\u00e2mara (Pernambuco), Wellington Dias (Piau\u00ed), F\u00e1tima Bezerra (Rio Grande do Norte), assim como o vice-governador Carlos Brand\u00e3o (Maranh\u00e3o). O governador de Sergipe, Belivaldo Chagas, est\u00e1 representado pelo superintendente de Parcerias P\u00fablico Privadas, Oliveira Junior.<\/p>\n<p>Na noite desta ter\u00e7a (11), o grupo segue para Roma, onde tem compromissos na quarta-feira (20). A miss\u00e3o continua em Berlim, na quinta (21) e sexta-feira (22).<\/p>\n","protected":false},"excerpt":{"rendered":"<p>A agenda ambiental foi tema de mais um dos encontros dos governadores do Nordeste em Paris. Nesta ter\u00e7a-feira (19), ap\u00f3s reuni\u00e3o na Ag\u00eancia Francesa de Desenvolvimento (AFD), os nove governadores se encontraram com a secret\u00e1ria de Estado do Minist\u00e9rio de Transi\u00e7\u00e3o Ecol\u00f3gica e Solid\u00e1ria, Brune Poirson. Na ocasi\u00e3o, o governador da Bahia Rui Costa, representando [&hellip;]<\/p>\n","protected":false},"author":2,"featured_media":0,"comment_status":"open","ping_status":"open","sticky":false,"template":"","format":"standard","meta":{"_links_to":"","_links_to_target":""},"categories":[1],"tags":[25998,25009,25999],"_links":{"self":[{"href":"https:\/\/www.blogdothame.blog.br\/v1\/wp-json\/wp\/v2\/posts\/96990"}],"collection":[{"href":"https:\/\/www.blogdothame.blog.br\/v1\/wp-json\/wp\/v2\/posts"}],"about":[{"href":"https:\/\/www.blogdothame.blog.br\/v1\/wp-json\/wp\/v2\/types\/post"}],"author":[{"embeddable":true,"href":"https:\/\/www.blogdothame.blog.br\/v1\/wp-json\/wp\/v2\/users\/2"}],"replies":[{"embeddable":true,"href":"https:\/\/www.blogdothame.blog.br\/v1\/wp-json\/wp\/v2\/comments?post=96990"}],"version-history":[{"count":1,"href":"https:\/\/www.blogdothame.blog.br\/v1\/wp-json\/wp\/v2\/posts\/96990\/revisions"}],"predecessor-version":[{"id":96994,"href":"https:\/\/www.blogdothame.blog.br\/v1\/wp-json\/wp\/v2\/posts\/96990\/revisions\/96994"}],"wp:attachment":[{"href":"https:\/\/www.blogdothame.blog.br\/v1\/wp-json\/wp\/v2\/media?parent=96990"}],"wp:term":[{"taxonomy":"category","embeddable":true,"href":"https:\/\/www.blogdothame.blog.br\/v1\/wp-json\/wp\/v2\/categories?post=96990"},{"taxonomy":"post_tag","embeddable":true,"href":"https:\/\/www.blogdothame.blog.br\/v1\/wp-json\/wp\/v2\/tags?post=96990"}],"curies":[{"name":"wp","href":"https:\/\/api.w.org\/{rel}","templated":true}]}}