{"id":96706,"date":"2019-11-12T10:30:11","date_gmt":"2019-11-12T13:30:11","guid":{"rendered":"http:\/\/www.blogdothame.blog.br\/v1\/?p=96706"},"modified":"2019-11-11T21:47:48","modified_gmt":"2019-11-12T00:47:48","slug":"itabuna-sedia-a-1a-feira-do-agricultor-familiar-e-produtor-rural","status":"publish","type":"post","link":"https:\/\/www.blogdothame.blog.br\/v1\/2019\/11\/12\/itabuna-sedia-a-1a-feira-do-agricultor-familiar-e-produtor-rural\/","title":{"rendered":"Itabuna sedia a 1\u00aa Feira do Agricultor Familiar e Produtor Rural"},"content":{"rendered":"<p><img loading=\"lazy\" class=\"alignleft size-medium wp-image-96707\" src=\"http:\/\/www.blogdothame.blog.br\/v1\/wp-content\/uploads\/2019\/11\/feira-300x200.jpeg\" alt=\"feira\" width=\"300\" height=\"200\" srcset=\"https:\/\/www.blogdothame.blog.br\/v1\/wp-content\/uploads\/2019\/11\/feira-300x200.jpeg 300w, https:\/\/www.blogdothame.blog.br\/v1\/wp-content\/uploads\/2019\/11\/feira.jpeg 678w\" sizes=\"(max-width: 300px) 100vw, 300px\" \/>Ser\u00e1 lan\u00e7ada em Itabuna na pr\u00f3xima sexta-feira (15), a 1\u00aa Feira do Agricultor Familiar e Produtor Rural, que ser\u00e1 realizada na \u00e1rea do Parque Hugo Kaufman, que fica ao lado do Centro Administrativo Firmino Alves, bairro S\u00e3o Caetano. A abertura oficial deste evento que est\u00e1 sendo organizado pelo Departamento de Agricultura\/Secretaria de Sustentabilidade Econ\u00f4mica e Meio Ambiente est\u00e1 prevista para \u00e0s 18h30min.<\/p>\n<p>A expectativa \u00e9 de que representantes do segmento rural, al\u00e9m de diversas autoridades pol\u00edticas participem deste que promete ser um dos maiores eventos do segmento. A 1\u00aa Feira do Agricultor seguir\u00e1 at\u00e9 o pr\u00f3ximo dia 17. A comiss\u00e3o organizadora do evento destaca que al\u00e9m de encontrar produtos de boa qualidade (hortifrutigranjeiros), muitas ser\u00e3o as novidades que estar\u00e3o \u00e0 disposi\u00e7\u00e3o dos visitantes, entre elas, uma casa de farinha artesanal que pretende mostrar ao p\u00fablico o processo para a produ\u00e7\u00e3o de farinha de mandioca.<\/p>\n<p><!--more--><\/p>\n<p>Vale destacar que outra a\u00e7\u00e3o que ressalta a import\u00e2ncia do evento que deve beneficiar cerca de duas mil pessoas, \u00e9 a valoriza\u00e7\u00e3o da agricultura familiar, por sua grande contribui\u00e7\u00e3o para o desenvolvimento econ\u00f4mico, social e financeiro de Itabuna e regi\u00e3o. Todas as 27 associa\u00e7\u00f5es de produtores rurais de Itabuna e de outros munic\u00edpios da regi\u00e3o estar\u00e3o presentes no evento.<\/p>\n","protected":false},"excerpt":{"rendered":"<p>Ser\u00e1 lan\u00e7ada em Itabuna na pr\u00f3xima sexta-feira (15), a 1\u00aa Feira do Agricultor Familiar e Produtor Rural, que ser\u00e1 realizada na \u00e1rea do Parque Hugo Kaufman, que fica ao lado do Centro Administrativo Firmino Alves, bairro S\u00e3o Caetano. A abertura oficial deste evento que est\u00e1 sendo organizado pelo Departamento de Agricultura\/Secretaria de Sustentabilidade Econ\u00f4mica e [&hellip;]<\/p>\n","protected":false},"author":2,"featured_media":0,"comment_status":"open","ping_status":"open","sticky":false,"template":"","format":"standard","meta":{"_links_to":"","_links_to_target":""},"categories":[1],"tags":[25938,39],"_links":{"self":[{"href":"https:\/\/www.blogdothame.blog.br\/v1\/wp-json\/wp\/v2\/posts\/96706"}],"collection":[{"href":"https:\/\/www.blogdothame.blog.br\/v1\/wp-json\/wp\/v2\/posts"}],"about":[{"href":"https:\/\/www.blogdothame.blog.br\/v1\/wp-json\/wp\/v2\/types\/post"}],"author":[{"embeddable":true,"href":"https:\/\/www.blogdothame.blog.br\/v1\/wp-json\/wp\/v2\/users\/2"}],"replies":[{"embeddable":true,"href":"https:\/\/www.blogdothame.blog.br\/v1\/wp-json\/wp\/v2\/comments?post=96706"}],"version-history":[{"count":1,"href":"https:\/\/www.blogdothame.blog.br\/v1\/wp-json\/wp\/v2\/posts\/96706\/revisions"}],"predecessor-version":[{"id":96708,"href":"https:\/\/www.blogdothame.blog.br\/v1\/wp-json\/wp\/v2\/posts\/96706\/revisions\/96708"}],"wp:attachment":[{"href":"https:\/\/www.blogdothame.blog.br\/v1\/wp-json\/wp\/v2\/media?parent=96706"}],"wp:term":[{"taxonomy":"category","embeddable":true,"href":"https:\/\/www.blogdothame.blog.br\/v1\/wp-json\/wp\/v2\/categories?post=96706"},{"taxonomy":"post_tag","embeddable":true,"href":"https:\/\/www.blogdothame.blog.br\/v1\/wp-json\/wp\/v2\/tags?post=96706"}],"curies":[{"name":"wp","href":"https:\/\/api.w.org\/{rel}","templated":true}]}}