{"id":96555,"date":"2019-11-08T04:30:04","date_gmt":"2019-11-08T07:30:04","guid":{"rendered":"http:\/\/www.blogdothame.blog.br\/v1\/?p=96555"},"modified":"2019-11-07T16:04:04","modified_gmt":"2019-11-07T19:04:04","slug":"expomel-movimenta-economia-em-itabuna","status":"publish","type":"post","link":"https:\/\/www.blogdothame.blog.br\/v1\/2019\/11\/08\/expomel-movimenta-economia-em-itabuna\/","title":{"rendered":"Expomel movimenta   economia em Itabuna"},"content":{"rendered":"<p><img loading=\"lazy\" class=\"aligncenter  wp-image-96557\" src=\"http:\/\/www.blogdothame.blog.br\/v1\/wp-content\/uploads\/2019\/11\/Expomel-produtos1.jpg\" alt=\"Expomel produtos\" width=\"404\" height=\"269\" srcset=\"https:\/\/www.blogdothame.blog.br\/v1\/wp-content\/uploads\/2019\/11\/Expomel-produtos1.jpg 800w, https:\/\/www.blogdothame.blog.br\/v1\/wp-content\/uploads\/2019\/11\/Expomel-produtos1-300x200.jpg 300w\" sizes=\"(max-width: 404px) 100vw, 404px\" \/><\/p>\n<p>Est\u00e1 sendo realizada at\u00e9 hoje (8), no Teatro Municipal Candinha Doria, em Itabuna, a 1\u00aa Expomel e o 1\u00ba\u00a0Congresso Nacional de Apicultura e Meliponicultura. O evento que \u00e9 uma realiza\u00e7\u00e3o do\u00a0Conselho Nacional do Agroneg\u00f3cio de Abelhas (CNAA) juntamente com diversos parceiros e apoiadores como a Ceplac e a Prefeitura Municipal de Itabuna re\u00fane apicultores de todas as regi\u00f5es do pa\u00eds, renomados pesquisadores, visitantes, entre outros interessados no agroneg\u00f3cio de abelhas.<\/p>\n<p><img loading=\"lazy\" class=\"aligncenter size-medium wp-image-96558\" src=\"http:\/\/www.blogdothame.blog.br\/v1\/wp-content\/uploads\/2019\/11\/Cen\u00e1rio-econ\u00f4mico-exp\u00f3mel-300x225.jpg\" alt=\"Cen\u00e1rio econ\u00f4mico exp\u00f3mel\" width=\"300\" height=\"225\" srcset=\"https:\/\/www.blogdothame.blog.br\/v1\/wp-content\/uploads\/2019\/11\/Cen\u00e1rio-econ\u00f4mico-exp\u00f3mel-300x225.jpg 300w, https:\/\/www.blogdothame.blog.br\/v1\/wp-content\/uploads\/2019\/11\/Cen\u00e1rio-econ\u00f4mico-exp\u00f3mel.jpg 900w\" sizes=\"(max-width: 300px) 100vw, 300px\" \/><\/p>\n<p>Diversas autoridades estiveram na abertura oficial: o vice-prefeito Fernando Vita, representando o prefeito Fernando Gomes; o Superintendente Regional da Ceplac, Roberto Melo; o chefe do Centro de Pesquisas e Extens\u00e3o da Ceplac, Raul Vale; o pesquisador da Ceplac e coordenador do evento, Ediney Magalh\u00e3es; o representante do Governo do Estado, Marcos Alves; o presidente da CDL, Carlos Leahy; o presidente da C\u00e2mara Municipal, o vereador Ricardo Xavier, entre outros.<\/p>\n<p><!--more--><\/p>\n<p>V\u00e1rias op\u00e7\u00f5es de entretenimento est\u00e3o sendo disponibilizadas para o p\u00fablico: mesas-redondas, oficinas pr\u00e1ticas, estandes onde est\u00e3o sendo comercializados produtos, materiais e equipamentos da apicultura e meliponicultura, exposi\u00e7\u00f5es de insetos gigantes, al\u00e9m de um espa\u00e7o reservado para o entretenimento da garotada.\u00a0 Para o vice-prefeito Fernando Vita, a Expomel est\u00e1 sendo uma verdadeira demonstra\u00e7\u00e3o de que Itabuna despertou para o seu enorme potencial existente na \u00e1rea da apicultura.<\/p>\n<p>\u201cUnidos fortaleceremos ainda mais a cadeia produtiva da apicultura. Itabuna s\u00f3 tem a ganhar com esta iniciativa, pois fortalece tamb\u00e9m nossa economia por conta da atra\u00e7\u00e3o de visitantes. O com\u00e9rcio, restaurantes, hot\u00e9is, entre outros estabelecimentos s\u00f3 tem a ganhar\u201d, destacou o vice-prefeito Fernando Vita.\u00a0Para Ediney Magalh\u00e3es,\u00a0Itabuna se consolida como um dos maiores polos do agroneg\u00f3cio das abelhas. \u201cEste evento representa o despertar de novas oportunidades para todos, e um novo passo para a apicultura em nossa regi\u00e3o\u201d.<\/p>\n<p>Caravanas de diversas regi\u00f5es do pa\u00eds est\u00e3o presentes &#8211; Cear\u00e1, Para\u00edba, Tocantins, Distrito Federal, Goi\u00e1s e Santa Catarina -, mostrando que Itabuna est\u00e1 no caminho certo. A noite ainda foi marcada por homenagens a personalidades e entidades que prestam relevantes servi\u00e7os em prol do desenvolvimento de Itabuna: o prefeito Fernando Gomes (Prefeito de Itabuna), Ti\u00e3o Barros (Art3), Carlos Leahy (CDL), Ediney Magalh\u00e3es (Ceplac), Roberto Melo (Ceplac), entre outros. Ainda como parte da programa\u00e7\u00e3o, alunos assistidos pela Funda\u00e7\u00e3o Marimbeta fizeram bel\u00edssimas apresenta\u00e7\u00f5es culturais que encantaram os presentes.<\/p>\n","protected":false},"excerpt":{"rendered":"<p>Est\u00e1 sendo realizada at\u00e9 hoje (8), no Teatro Municipal Candinha Doria, em Itabuna, a 1\u00aa Expomel e o 1\u00ba\u00a0Congresso Nacional de Apicultura e Meliponicultura. O evento que \u00e9 uma realiza\u00e7\u00e3o do\u00a0Conselho Nacional do Agroneg\u00f3cio de Abelhas (CNAA) juntamente com diversos parceiros e apoiadores como a Ceplac e a Prefeitura Municipal de Itabuna re\u00fane apicultores de [&hellip;]<\/p>\n","protected":false},"author":2,"featured_media":0,"comment_status":"open","ping_status":"open","sticky":false,"template":"","format":"standard","meta":{"_links_to":"","_links_to_target":""},"categories":[1],"tags":[25909,25910,39],"_links":{"self":[{"href":"https:\/\/www.blogdothame.blog.br\/v1\/wp-json\/wp\/v2\/posts\/96555"}],"collection":[{"href":"https:\/\/www.blogdothame.blog.br\/v1\/wp-json\/wp\/v2\/posts"}],"about":[{"href":"https:\/\/www.blogdothame.blog.br\/v1\/wp-json\/wp\/v2\/types\/post"}],"author":[{"embeddable":true,"href":"https:\/\/www.blogdothame.blog.br\/v1\/wp-json\/wp\/v2\/users\/2"}],"replies":[{"embeddable":true,"href":"https:\/\/www.blogdothame.blog.br\/v1\/wp-json\/wp\/v2\/comments?post=96555"}],"version-history":[{"count":2,"href":"https:\/\/www.blogdothame.blog.br\/v1\/wp-json\/wp\/v2\/posts\/96555\/revisions"}],"predecessor-version":[{"id":96560,"href":"https:\/\/www.blogdothame.blog.br\/v1\/wp-json\/wp\/v2\/posts\/96555\/revisions\/96560"}],"wp:attachment":[{"href":"https:\/\/www.blogdothame.blog.br\/v1\/wp-json\/wp\/v2\/media?parent=96555"}],"wp:term":[{"taxonomy":"category","embeddable":true,"href":"https:\/\/www.blogdothame.blog.br\/v1\/wp-json\/wp\/v2\/categories?post=96555"},{"taxonomy":"post_tag","embeddable":true,"href":"https:\/\/www.blogdothame.blog.br\/v1\/wp-json\/wp\/v2\/tags?post=96555"}],"curies":[{"name":"wp","href":"https:\/\/api.w.org\/{rel}","templated":true}]}}