{"id":96471,"date":"2019-11-06T08:28:43","date_gmt":"2019-11-06T11:28:43","guid":{"rendered":"http:\/\/www.blogdothame.blog.br\/v1\/?p=96471"},"modified":"2019-11-06T12:01:32","modified_gmt":"2019-11-06T15:01:32","slug":"obras-da-nova-ponte-ilheus-pontal-em-ritmo-acelerado","status":"publish","type":"post","link":"https:\/\/www.blogdothame.blog.br\/v1\/2019\/11\/06\/obras-da-nova-ponte-ilheus-pontal-em-ritmo-acelerado\/","title":{"rendered":"Obras da nova ponte Ilh\u00e9us-Pontal em ritmo acelerado"},"content":{"rendered":"<p><img loading=\"lazy\" class=\"aligncenter  wp-image-96477\" src=\"http:\/\/www.blogdothame.blog.br\/v1\/wp-content\/uploads\/2019\/11\/ponte-13-1024x682.jpg\" alt=\"ponte 13\" width=\"464\" height=\"309\" srcset=\"https:\/\/www.blogdothame.blog.br\/v1\/wp-content\/uploads\/2019\/11\/ponte-13-1024x682.jpg 1024w, https:\/\/www.blogdothame.blog.br\/v1\/wp-content\/uploads\/2019\/11\/ponte-13-300x200.jpg 300w, https:\/\/www.blogdothame.blog.br\/v1\/wp-content\/uploads\/2019\/11\/ponte-13.jpg 1280w\" sizes=\"(max-width: 464px) 100vw, 464px\" \/><\/p>\n<p>As obras da nova ponte\u00a0 Ilh\u00e9us-Pontal, obra do Governo da Bahia,\u00a0 avan\u00e7am a cada dia. A OAS, empresa respons\u00e1vel pela constru\u00e7\u00e3o, instalou o 18\u00ba cabo, restando cinco estais e 30 metros para unificar os lados, e formar a primeira ponte estaiada da Bahia. Nas imagens registradas pelo vice-prefeito, Jos\u00e9 Nazal Soub, a aplica\u00e7\u00e3o da primeira camada de asfalto do acesso norte.<\/p>\n<p><img loading=\"lazy\" class=\"aligncenter  wp-image-96474\" src=\"http:\/\/www.blogdothame.blog.br\/v1\/wp-content\/uploads\/2019\/11\/ponte-2-300x200.jpeg\" alt=\"ponte 2\" width=\"320\" height=\"213\" srcset=\"https:\/\/www.blogdothame.blog.br\/v1\/wp-content\/uploads\/2019\/11\/ponte-2-300x200.jpeg 300w, https:\/\/www.blogdothame.blog.br\/v1\/wp-content\/uploads\/2019\/11\/ponte-2.jpeg 640w\" sizes=\"(max-width: 320px) 100vw, 320px\" \/><\/p>\n<p>\u201cUm sonho se tornando realidade\u201d, definiu o prefeito. \u201cExtremamente feliz com todo esse trabalho e a parceria com o governador Rui Costa, juntamente com nossa equipe, discutindo sobre os acessos, as obras de urbanismo, estacionamento e ilumina\u00e7\u00e3o. Um novo cart\u00e3o-postal que surge, combinando os pontos tur\u00edsticos existentes da cidade&#8221;.<\/p>\n<p><img loading=\"lazy\" class=\"aligncenter size-medium wp-image-96472\" src=\"http:\/\/www.blogdothame.blog.br\/v1\/wp-content\/uploads\/2019\/11\/ponte-1-300x200.jpeg\" alt=\"ponte 1\" width=\"300\" height=\"200\" srcset=\"https:\/\/www.blogdothame.blog.br\/v1\/wp-content\/uploads\/2019\/11\/ponte-1-300x200.jpeg 300w, https:\/\/www.blogdothame.blog.br\/v1\/wp-content\/uploads\/2019\/11\/ponte-1.jpeg 640w\" sizes=\"(max-width: 300px) 100vw, 300px\" \/><\/p>\n<p>O sistema vi\u00e1rio nos sentidos norte e sul ter\u00e3o duas pistas de cada lado com ciclofaixas. O novo equipamento vai ligar o centro urbano aos bairros da zona sul e vai atender 511 mil moradores de Itabuna, Una, Canavieiras, Buerarema, Itacar\u00e9 e Uru\u00e7uca. Ademais, vai contribuir para o escoamento da produ\u00e7\u00e3o agr\u00edcola, principalmente do cacau, e no desenvolvimento tur\u00edstico do litoral sul do estado.<\/p>\n<p><img loading=\"lazy\" class=\"aligncenter size-medium wp-image-96473\" src=\"http:\/\/www.blogdothame.blog.br\/v1\/wp-content\/uploads\/2019\/11\/ponte-3-300x200.jpeg\" alt=\"ponte 3\" width=\"300\" height=\"200\" srcset=\"https:\/\/www.blogdothame.blog.br\/v1\/wp-content\/uploads\/2019\/11\/ponte-3-300x200.jpeg 300w, https:\/\/www.blogdothame.blog.br\/v1\/wp-content\/uploads\/2019\/11\/ponte-3.jpeg 640w\" sizes=\"(max-width: 300px) 100vw, 300px\" \/><\/p>\n<p>A Construtora OAS segue cronograma de opera\u00e7\u00f5es e prev\u00ea conclus\u00e3o da obra em janeiro de 2020 e o governador Rui Costa pretende inaugur\u00e1-la logo em fevereiro.<\/p>\n","protected":false},"excerpt":{"rendered":"<p>As obras da nova ponte\u00a0 Ilh\u00e9us-Pontal, obra do Governo da Bahia,\u00a0 avan\u00e7am a cada dia. A OAS, empresa respons\u00e1vel pela constru\u00e7\u00e3o, instalou o 18\u00ba cabo, restando cinco estais e 30 metros para unificar os lados, e formar a primeira ponte estaiada da Bahia. Nas imagens registradas pelo vice-prefeito, Jos\u00e9 Nazal Soub, a aplica\u00e7\u00e3o da primeira [&hellip;]<\/p>\n","protected":false},"author":2,"featured_media":0,"comment_status":"open","ping_status":"open","sticky":false,"template":"","format":"standard","meta":{"_links_to":"","_links_to_target":""},"categories":[1],"tags":[16,25889],"_links":{"self":[{"href":"https:\/\/www.blogdothame.blog.br\/v1\/wp-json\/wp\/v2\/posts\/96471"}],"collection":[{"href":"https:\/\/www.blogdothame.blog.br\/v1\/wp-json\/wp\/v2\/posts"}],"about":[{"href":"https:\/\/www.blogdothame.blog.br\/v1\/wp-json\/wp\/v2\/types\/post"}],"author":[{"embeddable":true,"href":"https:\/\/www.blogdothame.blog.br\/v1\/wp-json\/wp\/v2\/users\/2"}],"replies":[{"embeddable":true,"href":"https:\/\/www.blogdothame.blog.br\/v1\/wp-json\/wp\/v2\/comments?post=96471"}],"version-history":[{"count":4,"href":"https:\/\/www.blogdothame.blog.br\/v1\/wp-json\/wp\/v2\/posts\/96471\/revisions"}],"predecessor-version":[{"id":96479,"href":"https:\/\/www.blogdothame.blog.br\/v1\/wp-json\/wp\/v2\/posts\/96471\/revisions\/96479"}],"wp:attachment":[{"href":"https:\/\/www.blogdothame.blog.br\/v1\/wp-json\/wp\/v2\/media?parent=96471"}],"wp:term":[{"taxonomy":"category","embeddable":true,"href":"https:\/\/www.blogdothame.blog.br\/v1\/wp-json\/wp\/v2\/categories?post=96471"},{"taxonomy":"post_tag","embeddable":true,"href":"https:\/\/www.blogdothame.blog.br\/v1\/wp-json\/wp\/v2\/tags?post=96471"}],"curies":[{"name":"wp","href":"https:\/\/api.w.org\/{rel}","templated":true}]}}