{"id":96455,"date":"2019-11-06T07:38:10","date_gmt":"2019-11-06T10:38:10","guid":{"rendered":"http:\/\/www.blogdothame.blog.br\/v1\/?p=96455"},"modified":"2019-11-05T16:47:29","modified_gmt":"2019-11-05T19:47:29","slug":"em-reuniao-com-a-onu-governo-do-estado-anuncia-politica-de-saude-para-albinos","status":"publish","type":"post","link":"https:\/\/www.blogdothame.blog.br\/v1\/2019\/11\/06\/em-reuniao-com-a-onu-governo-do-estado-anuncia-politica-de-saude-para-albinos\/","title":{"rendered":"Em reuni\u00e3o com a ONU, Governo do Estado anuncia pol\u00edtica de sa\u00fade para albinos"},"content":{"rendered":"<p><img loading=\"lazy\" class=\"alignright  wp-image-96456\" src=\"http:\/\/www.blogdothame.blog.br\/v1\/wp-content\/uploads\/2019\/11\/albinos-300x200.jpg\" alt=\"albinos\" width=\"270\" height=\"180\" srcset=\"https:\/\/www.blogdothame.blog.br\/v1\/wp-content\/uploads\/2019\/11\/albinos-300x200.jpg 300w, https:\/\/www.blogdothame.blog.br\/v1\/wp-content\/uploads\/2019\/11\/albinos.jpg 640w\" sizes=\"(max-width: 270px) 100vw, 270px\" \/>O secret\u00e1rio da Sa\u00fade do Estado, F\u00e1bio Vilas-Boas, anunciou o encaminhamento de uma nova Pol\u00edtica Estadual de Aten\u00e7\u00e3o Integral \u00e0 Sa\u00fade do Paciente com Albinismo. Os compromissos foram firmados em Salvador, durante encontro com a perita sobre albinismo do Conselho de Direitos Humanos da Organiza\u00e7\u00e3o das Na\u00e7\u00f5es Unidas (ONU), Ikponwosa Ero, e a representante do Alto Comissariado da ONU, Alive Dehsebein.<\/p>\n<p>Com o objetivo de prevenir o c\u00e2ncer de pele e a cegueira em pessoas com albinismo, a partir de 2020, a Secretaria da Sa\u00fade do Estado da Bahia (Sesab) far\u00e1 a aquisi\u00e7\u00e3o e distribui\u00e7\u00e3o de protetores solares, bem como ofertar\u00e1 servi\u00e7os de triagem nas especialidades de oftalmologia e dermatologia em todas as policl\u00ednicas regionais de sa\u00fade.<\/p>\n<p>De acordo com o secret\u00e1rio, o Governador Rui Costa tem buscado o aperfei\u00e7oamento cont\u00ednuo das pol\u00edticas p\u00fablicas de sa\u00fade. No \u00faltimo censo realizado em 2018, foram identificadas 600 pessoas com albinismo vivendo em 133 munic\u00edpios, sobretudo, em \u00e1reas rurais. \u201cTemos muitos albinos sem acompanhamento e, portanto, \u00e9 preciso a qualifica\u00e7\u00e3o de profissionais da Aten\u00e7\u00e3o B\u00e1sica a fim de diagnostica, fazer a notifica\u00e7\u00e3o na vigil\u00e2ncia como doen\u00e7a n\u00e3o transmiss\u00edvel e iniciar o tratamento adequado\u201d, afirma Vilas-Boas.<\/p>\n<p><!--more--><\/p>\n<p>A perita do Conselho de Direitos Humanos da ONU aponta que a Bahia est\u00e1 no caminho certo. \u201cAs policl\u00ednicas s\u00e3o boas pr\u00e1ticas de outros pa\u00edses no atendimento a albinos, onde eles t\u00eam acesso a dermatologistas, oftalmologistas e at\u00e9 aos dispositivos adaptativos, como \u00f3culos e mon\u00f3culos\u201d, ressalta Ikponwosa Ero, que estar\u00e1 no Brasil at\u00e9 o pr\u00f3ximo s\u00e1bado e ainda visitar\u00e1 os estados de Alagoas, S\u00e3o Paulo e Distrito Federal.<\/p>\n<p>\u201cEscolhi dois pa\u00edses para visitar e conhecer as experi\u00eancias, que foram Fiji e o Brasil. Em ambos ainda h\u00e1 um problema de acesso e, para alguns, \u00e9 ainda pior devido a pobreza extrema e o car\u00e1ter afrodescendente. \u00c9 preciso entender que o direito \u00e0 sa\u00fade \u00e9 o direito \u00e0 vida, mas tamb\u00e9m \u00e9 o direito ao trabalho, pois ningu\u00e9m quer contratar algu\u00e9m que esteja mutilado por uma doen\u00e7a\u201d, diz Ikponwosa Ero.<\/p>\n<p>A representante do\u00a0 Alto Comissariado da ONU, Alive Dehsebein, informou que ser\u00e1 apresentado um relat\u00f3rio global em mar\u00e7o de 2021 sobre a quest\u00e3o do albinismo, com uma s\u00e9rie de recomenda\u00e7\u00f5es para os pa\u00edses signat\u00e1rios.<\/p>\n","protected":false},"excerpt":{"rendered":"<p>O secret\u00e1rio da Sa\u00fade do Estado, F\u00e1bio Vilas-Boas, anunciou o encaminhamento de uma nova Pol\u00edtica Estadual de Aten\u00e7\u00e3o Integral \u00e0 Sa\u00fade do Paciente com Albinismo. Os compromissos foram firmados em Salvador, durante encontro com a perita sobre albinismo do Conselho de Direitos Humanos da Organiza\u00e7\u00e3o das Na\u00e7\u00f5es Unidas (ONU), Ikponwosa Ero, e a representante do [&hellip;]<\/p>\n","protected":false},"author":2,"featured_media":0,"comment_status":"open","ping_status":"open","sticky":false,"template":"","format":"standard","meta":{"_links_to":"","_links_to_target":""},"categories":[1],"tags":[1052,25885,1509],"_links":{"self":[{"href":"https:\/\/www.blogdothame.blog.br\/v1\/wp-json\/wp\/v2\/posts\/96455"}],"collection":[{"href":"https:\/\/www.blogdothame.blog.br\/v1\/wp-json\/wp\/v2\/posts"}],"about":[{"href":"https:\/\/www.blogdothame.blog.br\/v1\/wp-json\/wp\/v2\/types\/post"}],"author":[{"embeddable":true,"href":"https:\/\/www.blogdothame.blog.br\/v1\/wp-json\/wp\/v2\/users\/2"}],"replies":[{"embeddable":true,"href":"https:\/\/www.blogdothame.blog.br\/v1\/wp-json\/wp\/v2\/comments?post=96455"}],"version-history":[{"count":1,"href":"https:\/\/www.blogdothame.blog.br\/v1\/wp-json\/wp\/v2\/posts\/96455\/revisions"}],"predecessor-version":[{"id":96457,"href":"https:\/\/www.blogdothame.blog.br\/v1\/wp-json\/wp\/v2\/posts\/96455\/revisions\/96457"}],"wp:attachment":[{"href":"https:\/\/www.blogdothame.blog.br\/v1\/wp-json\/wp\/v2\/media?parent=96455"}],"wp:term":[{"taxonomy":"category","embeddable":true,"href":"https:\/\/www.blogdothame.blog.br\/v1\/wp-json\/wp\/v2\/categories?post=96455"},{"taxonomy":"post_tag","embeddable":true,"href":"https:\/\/www.blogdothame.blog.br\/v1\/wp-json\/wp\/v2\/tags?post=96455"}],"curies":[{"name":"wp","href":"https:\/\/api.w.org\/{rel}","templated":true}]}}