{"id":96401,"date":"2019-11-04T09:40:44","date_gmt":"2019-11-04T12:40:44","guid":{"rendered":"http:\/\/www.blogdothame.blog.br\/v1\/?p=96401"},"modified":"2019-11-04T09:28:13","modified_gmt":"2019-11-04T12:28:13","slug":"pedalada-azul-reune-1-500-ciclistas-em-itabuna","status":"publish","type":"post","link":"https:\/\/www.blogdothame.blog.br\/v1\/2019\/11\/04\/pedalada-azul-reune-1-500-ciclistas-em-itabuna\/","title":{"rendered":"Pedalada Azul re\u00fane 1.500 ciclistas em Itabuna"},"content":{"rendered":"<p><img loading=\"lazy\" class=\"aligncenter  wp-image-96405\" src=\"http:\/\/www.blogdothame.blog.br\/v1\/wp-content\/uploads\/2019\/11\/pedalda-azul-2019-1-768x1024.jpg\" alt=\"pedalda azul 2019 (1)\" width=\"259\" height=\"345\" srcset=\"https:\/\/www.blogdothame.blog.br\/v1\/wp-content\/uploads\/2019\/11\/pedalda-azul-2019-1-768x1024.jpg 768w, https:\/\/www.blogdothame.blog.br\/v1\/wp-content\/uploads\/2019\/11\/pedalda-azul-2019-1-225x300.jpg 225w, https:\/\/www.blogdothame.blog.br\/v1\/wp-content\/uploads\/2019\/11\/pedalda-azul-2019-1.jpg 960w\" sizes=\"(max-width: 259px) 100vw, 259px\" \/><\/p>\n<p>\u201cVamos tirar o diabetes da pista\u201d. Com esse lema, cerca \u00a0de 1.500 ciclistas aproveitaram o domingo de sol em Itabuna e participaram da Pedalada Azul, que abriu as atividades do Novembro Azul. Promovida pela ONG Unidos pelo Diabetes, a Pedalada percorreu as principais ruas do centro da cidade e durante todo o percurso, um mini-trio chamava a aten\u00e7\u00e3o para a pr\u00e1tica de atividades saud\u00e1veis e cuidados na preven\u00e7\u00e3o do diabetes.<\/p>\n<p>&nbsp;<\/p>\n<p>Aos 83 anos, \u00b4seu` Antonio \u00a0Miguel Niella (foto) fez quest\u00e3o de estar presente na Pedalada Azul pela terceira vez e completou todo o percurso de cerca de 10 quil\u00f4metros. \u201cTemos que dar um exemplo para a juventude, incentivar a pr\u00e1tica de esportes e pensar sempre em fazer o bem, porque \u00e9 isso que torna a vida melhor\u201d, disse.<\/p>\n<p><img loading=\"lazy\" class=\"aligncenter size-medium wp-image-96402\" src=\"http:\/\/www.blogdothame.blog.br\/v1\/wp-content\/uploads\/2019\/11\/miguel-niella-2-225x300.jpg\" alt=\"miguel niella (2)\" width=\"225\" height=\"300\" srcset=\"https:\/\/www.blogdothame.blog.br\/v1\/wp-content\/uploads\/2019\/11\/miguel-niella-2-225x300.jpg 225w, https:\/\/www.blogdothame.blog.br\/v1\/wp-content\/uploads\/2019\/11\/miguel-niella-2-768x1024.jpg 768w, https:\/\/www.blogdothame.blog.br\/v1\/wp-content\/uploads\/2019\/11\/miguel-niella-2.jpg 900w\" sizes=\"(max-width: 225px) 100vw, 225px\" \/><\/p>\n<p>La\u00e9rcio Gon\u00e7alves, do Grupo Pedal Livre, afirmou que \u201ccom a pr\u00e1tica do ciclismo, queremos demonstrar que o esporte ajuda a prevenir doen\u00e7as como o diabetes. Os grupos de ciclismo unem-se \u00e0 ONG Unidos pelo Diabetes nessa campanha que a cada ano atrai mais pessoas\u201d. Ana Salles, coordenadora do Pedal do Bem, destacou que \u201cessa mobiliza\u00e7\u00e3o mostra que a comunidade est\u00e1 envolvida na preven\u00e7\u00e3o do diabetes e valoriza atividades saud\u00e1veis para a qualidade de vida\u201d.<\/p>\n<p><img loading=\"lazy\" class=\"aligncenter size-medium wp-image-96403\" src=\"http:\/\/www.blogdothame.blog.br\/v1\/wp-content\/uploads\/2019\/11\/pedalda-azul-2019-5-225x300.jpg\" alt=\"pedalda azul 2019 (5)\" width=\"225\" height=\"300\" srcset=\"https:\/\/www.blogdothame.blog.br\/v1\/wp-content\/uploads\/2019\/11\/pedalda-azul-2019-5-225x300.jpg 225w, https:\/\/www.blogdothame.blog.br\/v1\/wp-content\/uploads\/2019\/11\/pedalda-azul-2019-5-768x1024.jpg 768w, https:\/\/www.blogdothame.blog.br\/v1\/wp-content\/uploads\/2019\/11\/pedalda-azul-2019-5.jpg 960w\" sizes=\"(max-width: 225px) 100vw, 225px\" \/><\/p>\n<p>O Dr. Rafael Andrade, presidente da ONG Unidos pelo Diabetes, ressaltou \u00a0que \u201cessa \u00e9 a largada das atividades que v\u00e3o culminar com o Mutir\u00e3o do Diabetes e mais uma vez reunimos pessoas de Itabuna e v\u00e1rias cidades da regi\u00e3o que est\u00e3o engajadas nessa campanha\u201d. \u201cEsse mar azul mostra com a cidade \u00e9 solid\u00e1ria e est\u00e1 engajada nessa causa quer nos torna exemplo para todo o Brasil\u201d.<\/p>\n<p><img loading=\"lazy\" class=\"aligncenter size-medium wp-image-96404\" src=\"http:\/\/www.blogdothame.blog.br\/v1\/wp-content\/uploads\/2019\/11\/pedalda-azul-2019-2-225x300.jpg\" alt=\"pedalda azul 2019 (2)\" width=\"225\" height=\"300\" srcset=\"https:\/\/www.blogdothame.blog.br\/v1\/wp-content\/uploads\/2019\/11\/pedalda-azul-2019-2-225x300.jpg 225w, https:\/\/www.blogdothame.blog.br\/v1\/wp-content\/uploads\/2019\/11\/pedalda-azul-2019-2-768x1024.jpg 768w, https:\/\/www.blogdothame.blog.br\/v1\/wp-content\/uploads\/2019\/11\/pedalda-azul-2019-2.jpg 960w\" sizes=\"(max-width: 225px) 100vw, 225px\" \/><\/p>\n<p>A Pedalada Azul contou com o apoio e coordena\u00e7\u00e3o de grupos de ciclismo como Pedal Bom, Amigos das Trilhas, Pedal Livre, Ciclo Bike Grapiuna, P\u00e9 de Cana e Selva no Pedal.<\/p>\n","protected":false},"excerpt":{"rendered":"<p>\u201cVamos tirar o diabetes da pista\u201d. Com esse lema, cerca \u00a0de 1.500 ciclistas aproveitaram o domingo de sol em Itabuna e participaram da Pedalada Azul, que abriu as atividades do Novembro Azul. Promovida pela ONG Unidos pelo Diabetes, a Pedalada percorreu as principais ruas do centro da cidade e durante todo o percurso, um mini-trio [&hellip;]<\/p>\n","protected":false},"author":2,"featured_media":0,"comment_status":"open","ping_status":"open","sticky":false,"template":"","format":"standard","meta":{"_links_to":"","_links_to_target":""},"categories":[1],"tags":[39,20208,10575],"_links":{"self":[{"href":"https:\/\/www.blogdothame.blog.br\/v1\/wp-json\/wp\/v2\/posts\/96401"}],"collection":[{"href":"https:\/\/www.blogdothame.blog.br\/v1\/wp-json\/wp\/v2\/posts"}],"about":[{"href":"https:\/\/www.blogdothame.blog.br\/v1\/wp-json\/wp\/v2\/types\/post"}],"author":[{"embeddable":true,"href":"https:\/\/www.blogdothame.blog.br\/v1\/wp-json\/wp\/v2\/users\/2"}],"replies":[{"embeddable":true,"href":"https:\/\/www.blogdothame.blog.br\/v1\/wp-json\/wp\/v2\/comments?post=96401"}],"version-history":[{"count":1,"href":"https:\/\/www.blogdothame.blog.br\/v1\/wp-json\/wp\/v2\/posts\/96401\/revisions"}],"predecessor-version":[{"id":96406,"href":"https:\/\/www.blogdothame.blog.br\/v1\/wp-json\/wp\/v2\/posts\/96401\/revisions\/96406"}],"wp:attachment":[{"href":"https:\/\/www.blogdothame.blog.br\/v1\/wp-json\/wp\/v2\/media?parent=96401"}],"wp:term":[{"taxonomy":"category","embeddable":true,"href":"https:\/\/www.blogdothame.blog.br\/v1\/wp-json\/wp\/v2\/categories?post=96401"},{"taxonomy":"post_tag","embeddable":true,"href":"https:\/\/www.blogdothame.blog.br\/v1\/wp-json\/wp\/v2\/tags?post=96401"}],"curies":[{"name":"wp","href":"https:\/\/api.w.org\/{rel}","templated":true}]}}