{"id":96319,"date":"2019-11-01T10:03:53","date_gmt":"2019-11-01T13:03:53","guid":{"rendered":"http:\/\/www.blogdothame.blog.br\/v1\/?p=96319"},"modified":"2019-11-01T12:03:36","modified_gmt":"2019-11-01T15:03:36","slug":"itabuna-tera-feira-do-agricultor","status":"publish","type":"post","link":"https:\/\/www.blogdothame.blog.br\/v1\/2019\/11\/01\/itabuna-tera-feira-do-agricultor\/","title":{"rendered":"Itabuna ter\u00e1 Feira do Agricultor"},"content":{"rendered":"<p><img loading=\"lazy\" class=\"aligncenter  wp-image-96320\" src=\"http:\/\/www.blogdothame.blog.br\/v1\/wp-content\/uploads\/2019\/11\/agri.png\" alt=\"agri\" width=\"404\" height=\"227\" srcset=\"https:\/\/www.blogdothame.blog.br\/v1\/wp-content\/uploads\/2019\/11\/agri.png 500w, https:\/\/www.blogdothame.blog.br\/v1\/wp-content\/uploads\/2019\/11\/agri-300x169.png 300w\" sizes=\"(max-width: 404px) 100vw, 404px\" \/><\/p>\n<p>Pelo menos duas mil pessoas devem participar da primeira Feira do Agricultor Familiar e Produtor Rural, de 15 a 17 de novembro, na \u00e1rea do Parque Hugo Kauffman, ao lado da Prefeitura de Itabuna, no bairro S\u00e3o Caetano. 27 associa\u00e7\u00f5es de produtores rurais de Itabuna e outros munic\u00edpios da regi\u00e3o estar\u00e3o presentes.<\/p>\n<p>A coordenadora do Departamento de Agricultura, Concei\u00e7\u00e3o Nascimento, informou que um destaque ser\u00e1 a casa de farinha artesanal, que pretende mostrar ao p\u00fablico o processo da produ\u00e7\u00e3o de farinha de mandioca. Quem for \u00e0 feira ter\u00e1 a oportunidade comprar hortifrutigranjeiros de qualidade a pre\u00e7os acess\u00edveis.<\/p>\n<p>O consultor da Secretaria de Sustentabilidade Econ\u00f4mica Roberto Pacheco &#8220;\u00e9 um dos maiores incentivadores dos produtores rurais de Itabuna e regi\u00e3o, refor\u00e7ando a participa\u00e7\u00e3o do homem no campo pela sua import\u00e2ncia para o desenvolvimento social e econ\u00f4mico&#8221;.<\/p>\n","protected":false},"excerpt":{"rendered":"<p>Pelo menos duas mil pessoas devem participar da primeira Feira do Agricultor Familiar e Produtor Rural, de 15 a 17 de novembro, na \u00e1rea do Parque Hugo Kauffman, ao lado da Prefeitura de Itabuna, no bairro S\u00e3o Caetano. 27 associa\u00e7\u00f5es de produtores rurais de Itabuna e outros munic\u00edpios da regi\u00e3o estar\u00e3o presentes. A coordenadora do [&hellip;]<\/p>\n","protected":false},"author":2,"featured_media":0,"comment_status":"open","ping_status":"open","sticky":false,"template":"","format":"standard","meta":{"_links_to":"","_links_to_target":""},"categories":[1],"tags":[25859,39],"_links":{"self":[{"href":"https:\/\/www.blogdothame.blog.br\/v1\/wp-json\/wp\/v2\/posts\/96319"}],"collection":[{"href":"https:\/\/www.blogdothame.blog.br\/v1\/wp-json\/wp\/v2\/posts"}],"about":[{"href":"https:\/\/www.blogdothame.blog.br\/v1\/wp-json\/wp\/v2\/types\/post"}],"author":[{"embeddable":true,"href":"https:\/\/www.blogdothame.blog.br\/v1\/wp-json\/wp\/v2\/users\/2"}],"replies":[{"embeddable":true,"href":"https:\/\/www.blogdothame.blog.br\/v1\/wp-json\/wp\/v2\/comments?post=96319"}],"version-history":[{"count":1,"href":"https:\/\/www.blogdothame.blog.br\/v1\/wp-json\/wp\/v2\/posts\/96319\/revisions"}],"predecessor-version":[{"id":96321,"href":"https:\/\/www.blogdothame.blog.br\/v1\/wp-json\/wp\/v2\/posts\/96319\/revisions\/96321"}],"wp:attachment":[{"href":"https:\/\/www.blogdothame.blog.br\/v1\/wp-json\/wp\/v2\/media?parent=96319"}],"wp:term":[{"taxonomy":"category","embeddable":true,"href":"https:\/\/www.blogdothame.blog.br\/v1\/wp-json\/wp\/v2\/categories?post=96319"},{"taxonomy":"post_tag","embeddable":true,"href":"https:\/\/www.blogdothame.blog.br\/v1\/wp-json\/wp\/v2\/tags?post=96319"}],"curies":[{"name":"wp","href":"https:\/\/api.w.org\/{rel}","templated":true}]}}