{"id":96199,"date":"2019-10-30T13:04:29","date_gmt":"2019-10-30T16:04:29","guid":{"rendered":"http:\/\/www.blogdothame.blog.br\/v1\/?p=96199"},"modified":"2019-10-30T12:07:16","modified_gmt":"2019-10-30T15:07:16","slug":"consorcio-nordeste-busca-solucoes-para-tratar-do-vazamento-de-oleo","status":"publish","type":"post","link":"https:\/\/www.blogdothame.blog.br\/v1\/2019\/10\/30\/consorcio-nordeste-busca-solucoes-para-tratar-do-vazamento-de-oleo\/","title":{"rendered":"Cons\u00f3rcio Nordeste busca solu\u00e7\u00f5es para tratar do vazamento de \u00f3leo"},"content":{"rendered":"<p><img loading=\"lazy\" class=\"aligncenter  wp-image-96170\" src=\"http:\/\/www.blogdothame.blog.br\/v1\/wp-content\/uploads\/2019\/10\/Limpeza-das-praias-de-Ilh\u00e9us-com-\u00f3leo-vazado-re\u00fane-volunt\u00e1rios.-Divulga\u00e7\u00e3o-51.jpeg\" alt=\"Limpeza das praias de Ilh\u00e9us com \u00f3leo vazado re\u00fane volunt\u00e1rios. Divulga\u00e7\u00e3o 5\" width=\"352\" height=\"256\" srcset=\"https:\/\/www.blogdothame.blog.br\/v1\/wp-content\/uploads\/2019\/10\/Limpeza-das-praias-de-Ilh\u00e9us-com-\u00f3leo-vazado-re\u00fane-volunt\u00e1rios.-Divulga\u00e7\u00e3o-51.jpeg 720w, https:\/\/www.blogdothame.blog.br\/v1\/wp-content\/uploads\/2019\/10\/Limpeza-das-praias-de-Ilh\u00e9us-com-\u00f3leo-vazado-re\u00fane-volunt\u00e1rios.-Divulga\u00e7\u00e3o-51-300x218.jpeg 300w\" sizes=\"(max-width: 352px) 100vw, 352px\" \/><\/p>\n<p>Em reuni\u00e3o realizada nesta ter\u00e7a-feira (29) pela Academia Brasileira de Ci\u00eancias (ABC), na cidade de Recife, em Pernambuco, o Conselho de Administra\u00e7\u00e3o do Cons\u00f3rcio Nordeste, secret\u00e1rios e dirigentes de meio ambiente dos estados trocaram experi\u00eancias e buscaram a\u00e7\u00f5es efetivas sobre as manchas de \u00f3leo que chegam no litoral nordestino desde agosto deste ano, podendo contar ainda com a ci\u00eancia e tecnologia dispon\u00edveis no Brasil.<\/p>\n<p>Dentre as alternativas apresentadas, divulgadas atrav\u00e9s de nota nesta quarta-feira (30), destaca-se a opera\u00e7\u00e3o do PNC &#8211; Plano Nacional de Conting\u00eancia para Incidentes de Polui\u00e7\u00e3o por \u00f3leo. Segundo a publica\u00e7\u00e3o, \u201cat\u00e9 o momento n\u00e3o fora totalmente efetivado. Isso s\u00f3 se dar\u00e1 de forma concreta se o Governo Federal se dispuser a uma gest\u00e3o integrada da crise com total transpar\u00eancia nos dados e a\u00e7\u00f5es, inclusive com apoio da marinha brasileira, universidades e demais pesquisadores para a defini\u00e7\u00e3o de metodologias para identifica\u00e7\u00e3o da origem do \u00f3leo e efetivo monitoramento dos impactos a longo prazo\u201d.<\/p>\n<p><!--more--><\/p>\n<p>Presente na reuni\u00e3o, o secret\u00e1rio do Meio Ambiente da Bahia, Jo\u00e3o Carlos, apoiou a iniciativa do Cons\u00f3rcio em tratar o tema t\u00e3o delicado. &#8220;Sabemos da grande propor\u00e7\u00e3o que esse incidente ambiental tem chegado e, se n\u00e3o nos unirmos agora para buscar uma sa\u00edda e nos anteciparmos aos problemas futuros, podemos ter impactos irrevers\u00edveis. Vamos seguir conversando e toda ajuda \u00e9 bem-vinda&#8221;, avaliou o secret\u00e1rio.<\/p>\n<p>J\u00e1 para a diretora-geral do Inema, M\u00e1rcia Telles, entender como os outros estados est\u00e3o lidando com essa trag\u00e9dia \u00e9 importante, principalmente para servir de espelho para as atividades desempenhadas na Bahia. &#8220;Podemos aqui presenciar relatos importantes de como outros estados est\u00e3o atuando para conter o avan\u00e7o desse \u00f3leo em nossas praias. Al\u00e9m disso, as parcerias com institui\u00e7\u00f5es tecnol\u00f3gicas, que j\u00e1 est\u00e3o elaborando estudos para minimizar os impactos negativos em nosso litoral, servir\u00e3o para ajudar todos envolvidos no Cons\u00f3rcio&#8221;, disse a diretora.<\/p>\n<p>Nesta reuni\u00e3o, foi criada uma rede t\u00e9cnica-cient\u00edfica multidisciplinar que identifique os pontos e aponte que estudos ser\u00e3o necess\u00e1rios para levar \u00e0s a\u00e7\u00f5es que minimizem ou mitiguem, para a popula\u00e7\u00e3o em geral, os impactos decorrentes do vazamento.<\/p>\n","protected":false},"excerpt":{"rendered":"<p>Em reuni\u00e3o realizada nesta ter\u00e7a-feira (29) pela Academia Brasileira de Ci\u00eancias (ABC), na cidade de Recife, em Pernambuco, o Conselho de Administra\u00e7\u00e3o do Cons\u00f3rcio Nordeste, secret\u00e1rios e dirigentes de meio ambiente dos estados trocaram experi\u00eancias e buscaram a\u00e7\u00f5es efetivas sobre as manchas de \u00f3leo que chegam no litoral nordestino desde agosto deste ano, podendo contar [&hellip;]<\/p>\n","protected":false},"author":2,"featured_media":0,"comment_status":"open","ping_status":"open","sticky":false,"template":"","format":"standard","meta":{"_links_to":"","_links_to_target":""},"categories":[1],"tags":[25009,25827,25826],"_links":{"self":[{"href":"https:\/\/www.blogdothame.blog.br\/v1\/wp-json\/wp\/v2\/posts\/96199"}],"collection":[{"href":"https:\/\/www.blogdothame.blog.br\/v1\/wp-json\/wp\/v2\/posts"}],"about":[{"href":"https:\/\/www.blogdothame.blog.br\/v1\/wp-json\/wp\/v2\/types\/post"}],"author":[{"embeddable":true,"href":"https:\/\/www.blogdothame.blog.br\/v1\/wp-json\/wp\/v2\/users\/2"}],"replies":[{"embeddable":true,"href":"https:\/\/www.blogdothame.blog.br\/v1\/wp-json\/wp\/v2\/comments?post=96199"}],"version-history":[{"count":1,"href":"https:\/\/www.blogdothame.blog.br\/v1\/wp-json\/wp\/v2\/posts\/96199\/revisions"}],"predecessor-version":[{"id":96200,"href":"https:\/\/www.blogdothame.blog.br\/v1\/wp-json\/wp\/v2\/posts\/96199\/revisions\/96200"}],"wp:attachment":[{"href":"https:\/\/www.blogdothame.blog.br\/v1\/wp-json\/wp\/v2\/media?parent=96199"}],"wp:term":[{"taxonomy":"category","embeddable":true,"href":"https:\/\/www.blogdothame.blog.br\/v1\/wp-json\/wp\/v2\/categories?post=96199"},{"taxonomy":"post_tag","embeddable":true,"href":"https:\/\/www.blogdothame.blog.br\/v1\/wp-json\/wp\/v2\/tags?post=96199"}],"curies":[{"name":"wp","href":"https:\/\/api.w.org\/{rel}","templated":true}]}}