{"id":96166,"date":"2019-10-29T19:00:41","date_gmt":"2019-10-29T22:00:41","guid":{"rendered":"http:\/\/www.blogdothame.blog.br\/v1\/?p=96166"},"modified":"2019-10-29T16:55:57","modified_gmt":"2019-10-29T19:55:57","slug":"limpeza-das-praias-com-oleo-em-ilheus-reune-voluntarios","status":"publish","type":"post","link":"https:\/\/www.blogdothame.blog.br\/v1\/2019\/10\/29\/limpeza-das-praias-com-oleo-em-ilheus-reune-voluntarios\/","title":{"rendered":"Limpeza das praias com \u00f3leo em Ilh\u00e9us  re\u00fane volunt\u00e1rios"},"content":{"rendered":"<p><img loading=\"lazy\" class=\"aligncenter  wp-image-96170\" src=\"http:\/\/www.blogdothame.blog.br\/v1\/wp-content\/uploads\/2019\/10\/Limpeza-das-praias-de-Ilh\u00e9us-com-\u00f3leo-vazado-re\u00fane-volunt\u00e1rios.-Divulga\u00e7\u00e3o-51.jpeg\" alt=\"Limpeza das praias de Ilh\u00e9us com \u00f3leo vazado re\u00fane volunt\u00e1rios. Divulga\u00e7\u00e3o 5\" width=\"339\" height=\"246\" srcset=\"https:\/\/www.blogdothame.blog.br\/v1\/wp-content\/uploads\/2019\/10\/Limpeza-das-praias-de-Ilh\u00e9us-com-\u00f3leo-vazado-re\u00fane-volunt\u00e1rios.-Divulga\u00e7\u00e3o-51.jpeg 720w, https:\/\/www.blogdothame.blog.br\/v1\/wp-content\/uploads\/2019\/10\/Limpeza-das-praias-de-Ilh\u00e9us-com-\u00f3leo-vazado-re\u00fane-volunt\u00e1rios.-Divulga\u00e7\u00e3o-51-300x218.jpeg 300w\" sizes=\"(max-width: 339px) 100vw, 339px\" \/><\/p>\n<p>A limpeza das praias atingidas pelo \u00f3leo no Nordeste est\u00e1 sendo feita a muitas m\u00e3os. Al\u00e9m de militares e t\u00e9cnicos, o trabalho conta com a participa\u00e7\u00e3o de volunt\u00e1rios. S\u00e3o moradores, comerciantes e turistas que querem ajudar de alguma forma, a exemplo do Enoch Ramos, que passou parte da manh\u00e3 da \u00faltima sexta-feira (25), limpando a praia de Juerana, na regi\u00e3o norte do munic\u00edpio.<\/p>\n<p>\u201cA Prefeitura chegou ap\u00f3s vinte minutos entrarmos em contato. Muito agradecido, pois pude ver a for\u00e7a-tarefa elaborada para conter os estragos. V\u00ed aqui a Marinha, Bombeiros, Ibama, Inema, enfim, um conjunto bastante organizado que deu conta dessas demandas iniciais. Creio que mais manchas vir\u00e3o e tenho certeza que com esse ex\u00e9rcito, as praias do munic\u00edpio ser\u00e3o limpas\u201d, opinou.<\/p>\n<p><img loading=\"lazy\" class=\"aligncenter size-medium wp-image-96168\" src=\"http:\/\/www.blogdothame.blog.br\/v1\/wp-content\/uploads\/2019\/10\/Limpeza-das-praias-de-Ilh\u00e9us-com-\u00f3leo-vazado-re\u00fane-volunt\u00e1rios.-Divulga\u00e7\u00e3o-4-300x169.jpeg\" alt=\"Limpeza das praias de Ilh\u00e9us com \u00f3leo vazado re\u00fane volunt\u00e1rios. Divulga\u00e7\u00e3o 4\" width=\"300\" height=\"169\" srcset=\"https:\/\/www.blogdothame.blog.br\/v1\/wp-content\/uploads\/2019\/10\/Limpeza-das-praias-de-Ilh\u00e9us-com-\u00f3leo-vazado-re\u00fane-volunt\u00e1rios.-Divulga\u00e7\u00e3o-4-300x169.jpeg 300w, https:\/\/www.blogdothame.blog.br\/v1\/wp-content\/uploads\/2019\/10\/Limpeza-das-praias-de-Ilh\u00e9us-com-\u00f3leo-vazado-re\u00fane-volunt\u00e1rios.-Divulga\u00e7\u00e3o-4-1024x576.jpeg 1024w, https:\/\/www.blogdothame.blog.br\/v1\/wp-content\/uploads\/2019\/10\/Limpeza-das-praias-de-Ilh\u00e9us-com-\u00f3leo-vazado-re\u00fane-volunt\u00e1rios.-Divulga\u00e7\u00e3o-4.jpeg 1032w\" sizes=\"(max-width: 300px) 100vw, 300px\" \/><\/p>\n<p>Mas \u00e9 preciso ter aten\u00e7\u00e3o j\u00e1 que o \u00f3leo pode causar problemas de sa\u00fade, como dor de cabe\u00e7a, dificuldade de respira\u00e7\u00e3o, irrita\u00e7\u00f5es na pele e at\u00e9 mesmo intoxica\u00e7\u00e3o. O alerta \u00e9 do Minist\u00e9rio da Sa\u00fade, que lan\u00e7ou uma cartilha voltada para a popula\u00e7\u00e3o desses locais. Uma das principais recomenda\u00e7\u00f5es \u00e9 para n\u00e3o entrar em contato direto com o \u00f3leo sem prote\u00e7\u00e3o, especialmente em crian\u00e7as e gestantes.<\/p>\n<p><!--more--><\/p>\n<p><img loading=\"lazy\" class=\"alignright size-medium wp-image-96169\" src=\"http:\/\/www.blogdothame.blog.br\/v1\/wp-content\/uploads\/2019\/10\/Limpeza-das-praias-de-Ilh\u00e9us-com-\u00f3leo-vazado-re\u00fane-volunt\u00e1rios.-Divulga\u00e7\u00e3o-2-300x225.jpeg\" alt=\"Limpeza das praias de Ilh\u00e9us com \u00f3leo vazado re\u00fane volunt\u00e1rios. Divulga\u00e7\u00e3o 2\" width=\"300\" height=\"225\" srcset=\"https:\/\/www.blogdothame.blog.br\/v1\/wp-content\/uploads\/2019\/10\/Limpeza-das-praias-de-Ilh\u00e9us-com-\u00f3leo-vazado-re\u00fane-volunt\u00e1rios.-Divulga\u00e7\u00e3o-2-300x225.jpeg 300w, https:\/\/www.blogdothame.blog.br\/v1\/wp-content\/uploads\/2019\/10\/Limpeza-das-praias-de-Ilh\u00e9us-com-\u00f3leo-vazado-re\u00fane-volunt\u00e1rios.-Divulga\u00e7\u00e3o-2-1024x768.jpeg 1024w, https:\/\/www.blogdothame.blog.br\/v1\/wp-content\/uploads\/2019\/10\/Limpeza-das-praias-de-Ilh\u00e9us-com-\u00f3leo-vazado-re\u00fane-volunt\u00e1rios.-Divulga\u00e7\u00e3o-2.jpeg 1280w\" sizes=\"(max-width: 300px) 100vw, 300px\" \/>O Minist\u00e9rio tamb\u00e9m orienta evitar contato com a \u00e1gua e areia das praias. Caso entre em contato com o \u00f3leo, a popula\u00e7\u00e3o deve tomar cuidado ao retirar o produto. A Secretaria Municipal de Sa\u00fade (Sesau) informou que em caso de rea\u00e7\u00e3o al\u00e9rgica, ou ingest\u00e3o incidental, procurar uma Unidade B\u00e1sica de Sa\u00fade (UBS) mais pr\u00f3xima. \u00c1gua e sab\u00e3o, fric\u00e7\u00e3o mec\u00e2nica e evitar retirar o produto com solu\u00e7\u00f5es t\u00f3xicas \u00e9 parte da recomenda\u00e7\u00e3o.<\/p>\n<p>E para ajudar todos os envolvidos na limpeza, inclusive os volunt\u00e1rios, o Governo do Estado e Marinha do Brasil enviou esta semana, um carregamento contendo Equipamentos de Prote\u00e7\u00e3o Individual (EPI\u2019s), para intensificar o trabalho de limpeza das praias do munic\u00edpio. Outros estados tamb\u00e9m receberam os equipamentos, entre eles, Sergipe, Rio Grande do Norte, Alagoas e Pernambuco.<\/p>\n<p>O kit cont\u00e9m equipamentos como botas, luvas, cal\u00e7as, protetor solar, p\u00e1s e sacos para res\u00edduos, para que todos possam atuar com seguran\u00e7a e sem riscos \u00e0 sa\u00fade. O material foi recebido pelas prefeituras e defesas civis locais. Segundo o secret\u00e1rio municipal de Desenvolvimento Econ\u00f4mico, Meio Ambiente e Urbanismo, Jerbson Moraes, o material vai ajudar no trabalho de limpeza dessas praias.<\/p>\n<p>\u201cTemos que nos preparar ainda mais, junto com o os governos estadual e federal para lidarmos com esse desastre. O Governo do Estado disse que Ilh\u00e9us ser\u00e1 a sede do Sul e Extremos Sul, pois conseguimos articular com efici\u00eancia, a\u00e7\u00f5es juntamente com a Marinha, Corpo de Bombeiros Militar, \u00f3rg\u00e3os ambientais, institui\u00e7\u00f5es e empresas com o objetivo de manter nossas praias limpas e livre dessas manchas\u201d, salientou.<\/p>\n<p>&nbsp;<\/p>\n<p>At\u00e9 agora, segundo o Comit\u00ea Interinstitucional, j\u00e1 foram retiradas ao todo, cerca de 10 toneladas de \u00f3leo das praias de Ponta do Ramo, Ponta da Tulha, S\u00e3o Domingos e Praia da Avenida, no centro. As manchas de petr\u00f3leo em praias do Nordeste j\u00e1 atingiram pelo menos 225 localidades em mais de 80 munic\u00edpios de nove estados.<\/p>\n","protected":false},"excerpt":{"rendered":"<p>A limpeza das praias atingidas pelo \u00f3leo no Nordeste est\u00e1 sendo feita a muitas m\u00e3os. Al\u00e9m de militares e t\u00e9cnicos, o trabalho conta com a participa\u00e7\u00e3o de volunt\u00e1rios. S\u00e3o moradores, comerciantes e turistas que querem ajudar de alguma forma, a exemplo do Enoch Ramos, que passou parte da manh\u00e3 da \u00faltima sexta-feira (25), limpando a [&hellip;]<\/p>\n","protected":false},"author":2,"featured_media":0,"comment_status":"open","ping_status":"open","sticky":false,"template":"","format":"standard","meta":{"_links_to":"","_links_to_target":""},"categories":[1],"tags":[218,25706,8087,21895,19438],"_links":{"self":[{"href":"https:\/\/www.blogdothame.blog.br\/v1\/wp-json\/wp\/v2\/posts\/96166"}],"collection":[{"href":"https:\/\/www.blogdothame.blog.br\/v1\/wp-json\/wp\/v2\/posts"}],"about":[{"href":"https:\/\/www.blogdothame.blog.br\/v1\/wp-json\/wp\/v2\/types\/post"}],"author":[{"embeddable":true,"href":"https:\/\/www.blogdothame.blog.br\/v1\/wp-json\/wp\/v2\/users\/2"}],"replies":[{"embeddable":true,"href":"https:\/\/www.blogdothame.blog.br\/v1\/wp-json\/wp\/v2\/comments?post=96166"}],"version-history":[{"count":1,"href":"https:\/\/www.blogdothame.blog.br\/v1\/wp-json\/wp\/v2\/posts\/96166\/revisions"}],"predecessor-version":[{"id":96171,"href":"https:\/\/www.blogdothame.blog.br\/v1\/wp-json\/wp\/v2\/posts\/96166\/revisions\/96171"}],"wp:attachment":[{"href":"https:\/\/www.blogdothame.blog.br\/v1\/wp-json\/wp\/v2\/media?parent=96166"}],"wp:term":[{"taxonomy":"category","embeddable":true,"href":"https:\/\/www.blogdothame.blog.br\/v1\/wp-json\/wp\/v2\/categories?post=96166"},{"taxonomy":"post_tag","embeddable":true,"href":"https:\/\/www.blogdothame.blog.br\/v1\/wp-json\/wp\/v2\/tags?post=96166"}],"curies":[{"name":"wp","href":"https:\/\/api.w.org\/{rel}","templated":true}]}}