{"id":96107,"date":"2019-10-28T13:00:47","date_gmt":"2019-10-28T16:00:47","guid":{"rendered":"http:\/\/www.blogdothame.blog.br\/v1\/?p=96107"},"modified":"2019-10-28T10:34:18","modified_gmt":"2019-10-28T13:34:18","slug":"uesc-recebe-conferencia-regional-de-ciencia-tecnologia-e-inovacao","status":"publish","type":"post","link":"https:\/\/www.blogdothame.blog.br\/v1\/2019\/10\/28\/uesc-recebe-conferencia-regional-de-ciencia-tecnologia-e-inovacao\/","title":{"rendered":"UESC recebe Confer\u00eancia Regional de Ci\u00eancia, Tecnologia e Inova\u00e7\u00e3o"},"content":{"rendered":"<p><img loading=\"lazy\" class=\"alignright  wp-image-62819\" src=\"http:\/\/www.blogdothame.blog.br\/v1\/wp-content\/uploads\/2017\/05\/uesc1-300x186.jpg\" alt=\"uesc\" width=\"269\" height=\"167\" srcset=\"https:\/\/www.blogdothame.blog.br\/v1\/wp-content\/uploads\/2017\/05\/uesc1-300x186.jpg 300w, https:\/\/www.blogdothame.blog.br\/v1\/wp-content\/uploads\/2017\/05\/uesc1.jpg 500w\" sizes=\"(max-width: 269px) 100vw, 269px\" \/>Com o objetivo de elaborar a nova pol\u00edtica estadual do setor, o Governo da Bahia, atrav\u00e9s da Secretaria de Ci\u00eancia, Tecnologia e Inova\u00e7\u00e3o (Secti), realiza Confer\u00eancias Macroterritoriais\/Regionais de CT&amp;I, entre os dias 21 e 31 de outubro, em onze cidades baianas. A etapa do evento que acontece em Ilh\u00e9us, na Universidade Estadual de Santa Cruz (UESC), no dia 29 de outubro, j\u00e1 est\u00e1 com inscri\u00e7\u00f5es abertas por meio do site da Secti.<\/p>\n<p>A Confer\u00eancia Estadual, que acontece nos dias 5 e 6 de dezembro, em Salvador, tem como tema \u201cBahia: Sociedade 5.0\u201d. Nas Confer\u00eancias Macroterritoriais\/Regionais ser\u00e1 poss\u00edvel discutir ideias, iniciar debates, entender as demandas locais, bem como eleger os delegados para o evento estadual.<\/p>\n<p>Os munic\u00edpios de Feira de Santana, Ilh\u00e9us, Eun\u00e1polis, Vit\u00f3ria da Conquista, Seabra, Irec\u00ea, Barreiras, Juazeiro, Senhor do Bonfim, Salvador e Serrinha v\u00e3o receber as Confer\u00eancias Regionais, a fim de eleger 20 delegados para cada macroterrit\u00f3rio, representando os seguimentos empresarial, acad\u00eamico, poder p\u00fablico, sociedade civil organizada e entidades de representa\u00e7\u00e3o setorial.<\/p>\n<p><!--more--><\/p>\n<p>Entre os temas que ser\u00e3o discutidos est\u00e3o: integra\u00e7\u00e3o do ecossistema estadual de CT&amp;I; temas estrat\u00e9gicos para pesquisas cientificas e tecnol\u00f3gicas; infraestrutura de CT&amp;I; forma\u00e7\u00e3o de pessoal para a sociedade 5.0; inova\u00e7\u00e3o tecnol\u00f3gica; financiamento de CT&amp;I; tecnologias sociais para o desenvolvimento sustent\u00e1vel; e difus\u00e3o de conhecimento e populariza\u00e7\u00e3o da ci\u00eancia.<\/p>\n<p>De acordo com a secret\u00e1ria da Secti, Ad\u00e9lia Pinheiro, a necessidade desta Confer\u00eancia surge do impacto das mudan\u00e7as tecnol\u00f3gicas que fazem parte da contemporaneidade. \u201cA Confer\u00eancia acontece em um momento de novo paradigma com a reestrutura\u00e7\u00e3o das rela\u00e7\u00f5es produtivas, tanto no \u00e2mbito do crescimento econ\u00f4mico como de vida social\u201d, disse.<\/p>\n","protected":false},"excerpt":{"rendered":"<p>Com o objetivo de elaborar a nova pol\u00edtica estadual do setor, o Governo da Bahia, atrav\u00e9s da Secretaria de Ci\u00eancia, Tecnologia e Inova\u00e7\u00e3o (Secti), realiza Confer\u00eancias Macroterritoriais\/Regionais de CT&amp;I, entre os dias 21 e 31 de outubro, em onze cidades baianas. A etapa do evento que acontece em Ilh\u00e9us, na Universidade Estadual de Santa Cruz [&hellip;]<\/p>\n","protected":false},"author":2,"featured_media":0,"comment_status":"open","ping_status":"open","sticky":false,"template":"","format":"standard","meta":{"_links_to":"","_links_to_target":""},"categories":[1],"tags":[25806,3371],"_links":{"self":[{"href":"https:\/\/www.blogdothame.blog.br\/v1\/wp-json\/wp\/v2\/posts\/96107"}],"collection":[{"href":"https:\/\/www.blogdothame.blog.br\/v1\/wp-json\/wp\/v2\/posts"}],"about":[{"href":"https:\/\/www.blogdothame.blog.br\/v1\/wp-json\/wp\/v2\/types\/post"}],"author":[{"embeddable":true,"href":"https:\/\/www.blogdothame.blog.br\/v1\/wp-json\/wp\/v2\/users\/2"}],"replies":[{"embeddable":true,"href":"https:\/\/www.blogdothame.blog.br\/v1\/wp-json\/wp\/v2\/comments?post=96107"}],"version-history":[{"count":1,"href":"https:\/\/www.blogdothame.blog.br\/v1\/wp-json\/wp\/v2\/posts\/96107\/revisions"}],"predecessor-version":[{"id":96108,"href":"https:\/\/www.blogdothame.blog.br\/v1\/wp-json\/wp\/v2\/posts\/96107\/revisions\/96108"}],"wp:attachment":[{"href":"https:\/\/www.blogdothame.blog.br\/v1\/wp-json\/wp\/v2\/media?parent=96107"}],"wp:term":[{"taxonomy":"category","embeddable":true,"href":"https:\/\/www.blogdothame.blog.br\/v1\/wp-json\/wp\/v2\/categories?post=96107"},{"taxonomy":"post_tag","embeddable":true,"href":"https:\/\/www.blogdothame.blog.br\/v1\/wp-json\/wp\/v2\/tags?post=96107"}],"curies":[{"name":"wp","href":"https:\/\/api.w.org\/{rel}","templated":true}]}}