{"id":96025,"date":"2019-10-25T06:41:57","date_gmt":"2019-10-25T09:41:57","guid":{"rendered":"http:\/\/www.blogdothame.blog.br\/v1\/?p=96025"},"modified":"2019-10-24T15:47:36","modified_gmt":"2019-10-24T18:47:36","slug":"indice-de-infestacao-predial-pelo-aedes-aegypti-cai-para-7-5-em-itabuna","status":"publish","type":"post","link":"https:\/\/www.blogdothame.blog.br\/v1\/2019\/10\/25\/indice-de-infestacao-predial-pelo-aedes-aegypti-cai-para-7-5-em-itabuna\/","title":{"rendered":"\u00cdndice de Infesta\u00e7\u00e3o Predial pelo   Aedes Aegypti cai para 7.5% em Itabuna"},"content":{"rendered":"<p><img loading=\"lazy\" class=\"aligncenter size-medium wp-image-96026\" src=\"http:\/\/www.blogdothame.blog.br\/v1\/wp-content\/uploads\/2019\/10\/COMBATE-DENGUE-FOTO-PEDRO-AUGUSTO-300x224.jpg\" alt=\"COMBATE DENGUE FOTO PEDRO AUGUSTO\" width=\"300\" height=\"224\" srcset=\"https:\/\/www.blogdothame.blog.br\/v1\/wp-content\/uploads\/2019\/10\/COMBATE-DENGUE-FOTO-PEDRO-AUGUSTO-300x224.jpg 300w, https:\/\/www.blogdothame.blog.br\/v1\/wp-content\/uploads\/2019\/10\/COMBATE-DENGUE-FOTO-PEDRO-AUGUSTO.jpg 900w\" sizes=\"(max-width: 300px) 100vw, 300px\" \/><\/p>\n<p>O \u00cdndice de Infesta\u00e7\u00e3o Predial (IIP) pelo Aedes Aegypti continua caindo em Itabuna. De acordo com o mais recente levantamento realizado pela Coordena\u00e7\u00e3o do Programa Municipal de Combate \u00e0s Endemias, neste m\u00eas de outubro foi registrado um \u00edndice de 7.5%. \u201cItabuna sempre foi conhecida nacionalmente como a cidade mais infestada pelo Aedes Aegypti, mas nos \u00faltimos anos a Prefeitura de Itabuna tem investido no trabalho de combate \u00e0s endemias e os resultados est\u00e3o aparecendo\u201d, comentou o coordenador Jos\u00e9 Roberto Pereira G\u00f3es.<\/p>\n<p>Ele ressalta que ainda h\u00e1 muito trabalho a ser feito em conjunto com a Secretaria de Sa\u00fade, popula\u00e7\u00e3o e demais envolvidos, pois o Minist\u00e9rio Sa\u00fade preconiza o \u00edndice toler\u00e1vel de 1%. E lembra que a atual gest\u00e3o recebeu o munic\u00edpio em janeiro de 2017 com 23.3% de infesta\u00e7\u00e3o predial. \u201cEm fevereiro de 2019 o \u00edndice estava em 8.3%, em maio 8.1%, em julho 7.9% e agora em outubro 7.5% de infesta\u00e7\u00e3o predial\u201d, comemora o coordenador do Programa de Combate \u00e0s Endemias.<\/p>\n<p>Os bairros com maiores \u00edndices de infesta\u00e7\u00e3o s\u00e3o: Corbiniano Freire (20%), Ferradas (17.24%), Novo Horizonte (15.15%), Nova Calif\u00f3rnia (14.28%), Maria Matos\/Rua de Palha (14.28%), S\u00e3o Pedro (14.02), Sarinha (13.55%), Concei\u00e7\u00e3o (13.23%), Fonseca (12.85%) e Antique (12.5%).<\/p>\n<p>&nbsp;<\/p>\n","protected":false},"excerpt":{"rendered":"<p>O \u00cdndice de Infesta\u00e7\u00e3o Predial (IIP) pelo Aedes Aegypti continua caindo em Itabuna. De acordo com o mais recente levantamento realizado pela Coordena\u00e7\u00e3o do Programa Municipal de Combate \u00e0s Endemias, neste m\u00eas de outubro foi registrado um \u00edndice de 7.5%. \u201cItabuna sempre foi conhecida nacionalmente como a cidade mais infestada pelo Aedes Aegypti, mas nos [&hellip;]<\/p>\n","protected":false},"author":2,"featured_media":0,"comment_status":"open","ping_status":"open","sticky":false,"template":"","format":"standard","meta":{"_links_to":"","_links_to_target":""},"categories":[1],"tags":[14566,25781,39],"_links":{"self":[{"href":"https:\/\/www.blogdothame.blog.br\/v1\/wp-json\/wp\/v2\/posts\/96025"}],"collection":[{"href":"https:\/\/www.blogdothame.blog.br\/v1\/wp-json\/wp\/v2\/posts"}],"about":[{"href":"https:\/\/www.blogdothame.blog.br\/v1\/wp-json\/wp\/v2\/types\/post"}],"author":[{"embeddable":true,"href":"https:\/\/www.blogdothame.blog.br\/v1\/wp-json\/wp\/v2\/users\/2"}],"replies":[{"embeddable":true,"href":"https:\/\/www.blogdothame.blog.br\/v1\/wp-json\/wp\/v2\/comments?post=96025"}],"version-history":[{"count":1,"href":"https:\/\/www.blogdothame.blog.br\/v1\/wp-json\/wp\/v2\/posts\/96025\/revisions"}],"predecessor-version":[{"id":96027,"href":"https:\/\/www.blogdothame.blog.br\/v1\/wp-json\/wp\/v2\/posts\/96025\/revisions\/96027"}],"wp:attachment":[{"href":"https:\/\/www.blogdothame.blog.br\/v1\/wp-json\/wp\/v2\/media?parent=96025"}],"wp:term":[{"taxonomy":"category","embeddable":true,"href":"https:\/\/www.blogdothame.blog.br\/v1\/wp-json\/wp\/v2\/categories?post=96025"},{"taxonomy":"post_tag","embeddable":true,"href":"https:\/\/www.blogdothame.blog.br\/v1\/wp-json\/wp\/v2\/tags?post=96025"}],"curies":[{"name":"wp","href":"https:\/\/api.w.org\/{rel}","templated":true}]}}