{"id":95858,"date":"2019-10-21T10:30:07","date_gmt":"2019-10-21T13:30:07","guid":{"rendered":"http:\/\/www.blogdothame.blog.br\/v1\/?p=95858"},"modified":"2019-10-21T10:07:34","modified_gmt":"2019-10-21T13:07:34","slug":"forum-da-bahia-motiva-mulheres-a-empreender-e-inovar-o-proprio-negocio","status":"publish","type":"post","link":"https:\/\/www.blogdothame.blog.br\/v1\/2019\/10\/21\/forum-da-bahia-motiva-mulheres-a-empreender-e-inovar-o-proprio-negocio\/","title":{"rendered":"F\u00f3rum da Bahia motiva mulheres \u00e0 empreender e inovar o pr\u00f3prio neg\u00f3cio"},"content":{"rendered":"<p>&nbsp;<\/p>\n<p>&nbsp;<\/p>\n<div id=\"attachment_95861\" style=\"width: 310px\" class=\"wp-caption aligncenter\"><img aria-describedby=\"caption-attachment-95861\" loading=\"lazy\" class=\"size-medium wp-image-95861\" src=\"http:\/\/www.blogdothame.blog.br\/v1\/wp-content\/uploads\/2019\/10\/Ana-Fontes-no-F\u00d3RUM-DA-BAHIA-MULHERES-EMPREENDEDORAS-Cr\u00e9dito-da-Foto_Patrick-Melber-25-300x242.jpg\" alt=\"Ana Fontes\" width=\"300\" height=\"242\" srcset=\"https:\/\/www.blogdothame.blog.br\/v1\/wp-content\/uploads\/2019\/10\/Ana-Fontes-no-F\u00d3RUM-DA-BAHIA-MULHERES-EMPREENDEDORAS-Cr\u00e9dito-da-Foto_Patrick-Melber-25-300x242.jpg 300w, https:\/\/www.blogdothame.blog.br\/v1\/wp-content\/uploads\/2019\/10\/Ana-Fontes-no-F\u00d3RUM-DA-BAHIA-MULHERES-EMPREENDEDORAS-Cr\u00e9dito-da-Foto_Patrick-Melber-25.jpg 798w\" sizes=\"(max-width: 300px) 100vw, 300px\" \/><p id=\"caption-attachment-95861\" class=\"wp-caption-text\">Ana Fontes<\/p><\/div>\n<p style=\"text-align: right;\"><strong>Viviane Cabral\u00a0 \u00a0 \u00a0<\/strong><\/p>\n<p>\u00a0 Um grande momento de motiva\u00e7\u00e3o, empoderamento feminino, troca de experi\u00eancias e networking, resume bem a 1\u00aa edi\u00e7\u00e3o do F\u00f3rum da Bahia Mulheres Empreendedoras, realizado \u00a0no Teatro Candinha D\u00f3ria, em Itabuna. Em todas as palestras, uma mensagem em comum era de que as mulheres j\u00e1 exercem um grande papel de influ\u00eancia na sociedade e possui um grande potencial para empreender o pr\u00f3prio neg\u00f3cio.<\/p>\n<div id=\"attachment_95860\" style=\"width: 310px\" class=\"wp-caption alignright\"><img aria-describedby=\"caption-attachment-95860\" loading=\"lazy\" class=\"size-medium wp-image-95860\" src=\"http:\/\/www.blogdothame.blog.br\/v1\/wp-content\/uploads\/2019\/10\/ec-300x200.jpg\" alt=\"Elaine Carltto\" width=\"300\" height=\"200\" srcset=\"https:\/\/www.blogdothame.blog.br\/v1\/wp-content\/uploads\/2019\/10\/ec-300x200.jpg 300w, https:\/\/www.blogdothame.blog.br\/v1\/wp-content\/uploads\/2019\/10\/ec.jpg 891w\" sizes=\"(max-width: 300px) 100vw, 300px\" \/><p id=\"caption-attachment-95860\" class=\"wp-caption-text\">Elaine Carletto<\/p><\/div>\n<p>De acordo com a fundadora e CEO da Rede Mulher Empreendedora (RME), Ana L\u00facia Fontes, quase 49 % dos micro e pequenos neg\u00f3cios no Brasil s\u00e3o liderados por mulheres. Mais de 50 % desses neg\u00f3cios s\u00e3o na \u00e1rea de servi\u00e7os, por ser uma \u00e1rea mais simples, e que d\u00e1 pra executar dentro de casa. A segunda porta de entrada \u00e9 com\u00e9rcio.<\/p>\n<p>\u201cEu vejo que as mulheres v\u00e3o continuar empreendendo e, cada vez mais buscar inova\u00e7\u00e3o, porque hoje, as vezes elas acabam empreendendo nas \u00e1reas de conforto, que \u00e9 moda, beleza e est\u00e9tica, mas que \u00e9 uma porta de entrada. Depois, elas v\u00e3o buscando outras formas, v\u00e3o se desenvolvendo, crescendo e eventos como esse [F\u00f3rum da Bahia Mulheres Empreendedoras] s\u00e3o absolutamente fundamentais para essas mulheres se sentirem fortalecidas\u201d.<\/p>\n<div id=\"attachment_95864\" style=\"width: 310px\" class=\"wp-caption aligncenter\"><img aria-describedby=\"caption-attachment-95864\" loading=\"lazy\" class=\"size-medium wp-image-95864\" src=\"http:\/\/www.blogdothame.blog.br\/v1\/wp-content\/uploads\/2019\/10\/Leilane-Benevides-no-F\u00d3RUM-DA-BAHIA-MULHERES-EMPREENDEDORAS-Cr\u00e9dito-da-Foto_Patrick-Melber-41-300x216.jpg\" alt=\"Leilane Benevides\" width=\"300\" height=\"216\" srcset=\"https:\/\/www.blogdothame.blog.br\/v1\/wp-content\/uploads\/2019\/10\/Leilane-Benevides-no-F\u00d3RUM-DA-BAHIA-MULHERES-EMPREENDEDORAS-Cr\u00e9dito-da-Foto_Patrick-Melber-41-300x216.jpg 300w, https:\/\/www.blogdothame.blog.br\/v1\/wp-content\/uploads\/2019\/10\/Leilane-Benevides-no-F\u00d3RUM-DA-BAHIA-MULHERES-EMPREENDEDORAS-Cr\u00e9dito-da-Foto_Patrick-Melber-41.jpg 494w\" sizes=\"(max-width: 300px) 100vw, 300px\" \/><p id=\"caption-attachment-95864\" class=\"wp-caption-text\">Leilane Benevides<\/p><\/div>\n<p>Outro dado importante, segundo Ana, \u00e9 que mais de 60% das mulheres s\u00e3o m\u00e3es que buscam empreender por conta, principalmente da maternidade. \u201cA maternidade \u00e9 um gatilho para empreender porque elas buscam flexibilidade, ou seja, ficar mais pr\u00f3ximas dos filhos, e, ao mesmo tempo ficar ativa profissionalmente\u201d.<\/p>\n<p><!--more--><\/p>\n<p>Dicas<\/p>\n<div id=\"attachment_95862\" style=\"width: 310px\" class=\"wp-caption alignright\"><img aria-describedby=\"caption-attachment-95862\" loading=\"lazy\" class=\"size-medium wp-image-95862\" src=\"http:\/\/www.blogdothame.blog.br\/v1\/wp-content\/uploads\/2019\/10\/Wandressa-Souza-coordenadora-do-F\u00f3rum-da-Bahia-Mulheres-Empreendedoras-FOTO-VIVIANE-CABRAL-5-300x200.jpeg\" alt=\"Wandressa Souza\" width=\"300\" height=\"200\" srcset=\"https:\/\/www.blogdothame.blog.br\/v1\/wp-content\/uploads\/2019\/10\/Wandressa-Souza-coordenadora-do-F\u00f3rum-da-Bahia-Mulheres-Empreendedoras-FOTO-VIVIANE-CABRAL-5-300x200.jpeg 300w, https:\/\/www.blogdothame.blog.br\/v1\/wp-content\/uploads\/2019\/10\/Wandressa-Souza-coordenadora-do-F\u00f3rum-da-Bahia-Mulheres-Empreendedoras-FOTO-VIVIANE-CABRAL-5-1024x682.jpeg 1024w, https:\/\/www.blogdothame.blog.br\/v1\/wp-content\/uploads\/2019\/10\/Wandressa-Souza-coordenadora-do-F\u00f3rum-da-Bahia-Mulheres-Empreendedoras-FOTO-VIVIANE-CABRAL-5.jpeg 1280w\" sizes=\"(max-width: 300px) 100vw, 300px\" \/><p id=\"caption-attachment-95862\" class=\"wp-caption-text\">Wandressa Souza<\/p><\/div>\n<p>Dentre as dicas, para as mulheres que buscam empreender, Ana destacou que a primeira coisa \u00e9 \u201ctentar entender quais s\u00e3o as dificuldades que voc\u00ea tem na sua regi\u00e3o, na sua comunidade onde voc\u00ea mora. \u00c9 que normalmente as melhores oportunidades neg\u00f3cios est\u00e3o onde est\u00e3o os maiores problemas\u201d.<\/p>\n<p>A segunda coisa \u00e9: \u201cparticipe de grupos de movimentos de mulheres, que valem a pena fazer parte. A terceira coisa \u00e9 buscar algu\u00e9m que j\u00e1 tenha empreendido, que tenha experi\u00eancia, e que vai te ajudar nas d\u00favidas que voc\u00ea tiver durante essa jornada. Esses caminhos s\u00e3o muito importantes para que voc\u00ea tenha uma jornada menos dif\u00edcil\u201d.<\/p>\n<p>Palestras<\/p>\n<p>O F\u00f3rum tamb\u00e9m foi uma oportunidade para mostrar as mulheres sobre a import\u00e2ncia de investir e cuidar da imagem pessoal para o desenvolvimento dos neg\u00f3cios, com a publicit\u00e1ria, consultora de imagem e estilo, Aiala Lago. Na palestra com a empres\u00e1ria e banc\u00e1ria Leilane Benevides, o p\u00fablico conheceu de perto a trajet\u00f3ria de sucesso da Benevides \u2013 Chocolates Finos, que encorajou muitas mulheres a dar o primeiro passo, independente do momento atual do pa\u00eds.<\/p>\n<p><img loading=\"lazy\" class=\"aligncenter size-medium wp-image-95863\" src=\"http:\/\/www.blogdothame.blog.br\/v1\/wp-content\/uploads\/2019\/10\/fb-300x166.jpg\" alt=\"fb\" width=\"300\" height=\"166\" srcset=\"https:\/\/www.blogdothame.blog.br\/v1\/wp-content\/uploads\/2019\/10\/fb-300x166.jpg 300w, https:\/\/www.blogdothame.blog.br\/v1\/wp-content\/uploads\/2019\/10\/fb.jpg 920w\" sizes=\"(max-width: 300px) 100vw, 300px\" \/><\/p>\n<p>Em outro momento, a diretora de Desenvolvimento do Grupo Brasileiro de Transporte Rodovi\u00e1rio, Elaine Carletto, apresentou atitudes fundamentais para a mulher empreendedora. A artes\u00e3o profissional, Thalita Ortega levou ao p\u00fablico sua experi\u00eancia de sucesso com artesanato em feltro, e o palestrante, consultor e contador, Franklin Bastos abordou sobre perfis comportamentais.<\/p>\n<p>O evento ganhou a ades\u00e3o de mulheres de Itabuna e regi\u00e3o, desde aquelas que est\u00e3o em busca de abrir o pr\u00f3prio neg\u00f3cio, at\u00e9 aquelas que j\u00e1 est\u00e3o empreendendo. Em uma das v\u00e1rias publica\u00e7\u00f5es no instagran sobre o F\u00f3rum, a empreendedora Catalina Rumbo, da @viva.amarillo (Roupas criativas para beb\u00eas), de Ilh\u00e9us, destacou que \u201ceventos como o #forummulheresempreendedoras s\u00e3o oportunidades excelentes para atualizar conte\u00fado, fazer um belo networking e sobretudo sempre buscar novas fontes de inspira\u00e7\u00e3o\u201d.<\/p>\n<p>Estiveram presentes no encontro, os presidentes da CDL de Itabuna, Carlos Leahy, e da CDL de Ih\u00e9us, Walderico J\u00fanior; o superintendente da Secretaria de Trabalho, Emprego, Esporte e Renda, Marcelo Gavi\u00e3o; a secret\u00e1ria de Assist\u00eancia Social, Sandra Neilma; a delegada do Conselho Regional Contabilidade, Viviane Fernandes, Andrea Peixoto; a presidente da Comiss\u00e3o da Mulher (OAB-Seccional de Itabuna) e o consultor do Programa Empreender, em Itabuna, Valdemir Souza.<\/p>\n<p>Apoio e parceria<\/p>\n<p>O evento foi coordenado pela advogada e administradora de empresas, Wandressa Souza, e realizado com as seguintes parcerias: Governo do Estado, atrav\u00e9s da Secretarial de Trabalho, Emprego, Esporte e Renda; Cooperativa de Cr\u00e9dito Financeiro (Sicredi \u2013 Regi\u00e3o Sul da Bahia); Associa\u00e7\u00e3o Comercial e Empresarial de Itabuna; C\u00e2mara de Dirigentes Lojistas de Itabuna e de Ilh\u00e9us; Pai Mendon\u00e7a; Sindincom \u2013 Itabuna; Fio Laser SPA.<\/p>\n<p>E, contou com o apoio de: TV Santa Cruz; Bahia FM Sul; Gabriela FM; Blogs: Pimenta, Blog do Thame, Tempo Presente, Ipol\u00edtica; Site: Jornal Bahia On Line, Seja Ilimitado, Jornal Di\u00e1rio Bahia, Jornal O Sollo, Jornal A Regi\u00e3o; R\u00e1dio Interativa FM, Morena FM, Difusora AM; Sebrae e OAB-Itabuna.<\/p>\n","protected":false},"excerpt":{"rendered":"<p>&nbsp; &nbsp; Viviane Cabral\u00a0 \u00a0 \u00a0 \u00a0 Um grande momento de motiva\u00e7\u00e3o, empoderamento feminino, troca de experi\u00eancias e networking, resume bem a 1\u00aa edi\u00e7\u00e3o do F\u00f3rum da Bahia Mulheres Empreendedoras, realizado \u00a0no Teatro Candinha D\u00f3ria, em Itabuna. Em todas as palestras, uma mensagem em comum era de que as mulheres j\u00e1 exercem um grande papel [&hellip;]<\/p>\n","protected":false},"author":2,"featured_media":0,"comment_status":"open","ping_status":"open","sticky":false,"template":"","format":"standard","meta":{"_links_to":"","_links_to_target":""},"categories":[1],"tags":[25464,25736,25733,25732,39,25735,25734,1083],"_links":{"self":[{"href":"https:\/\/www.blogdothame.blog.br\/v1\/wp-json\/wp\/v2\/posts\/95858"}],"collection":[{"href":"https:\/\/www.blogdothame.blog.br\/v1\/wp-json\/wp\/v2\/posts"}],"about":[{"href":"https:\/\/www.blogdothame.blog.br\/v1\/wp-json\/wp\/v2\/types\/post"}],"author":[{"embeddable":true,"href":"https:\/\/www.blogdothame.blog.br\/v1\/wp-json\/wp\/v2\/users\/2"}],"replies":[{"embeddable":true,"href":"https:\/\/www.blogdothame.blog.br\/v1\/wp-json\/wp\/v2\/comments?post=95858"}],"version-history":[{"count":1,"href":"https:\/\/www.blogdothame.blog.br\/v1\/wp-json\/wp\/v2\/posts\/95858\/revisions"}],"predecessor-version":[{"id":95865,"href":"https:\/\/www.blogdothame.blog.br\/v1\/wp-json\/wp\/v2\/posts\/95858\/revisions\/95865"}],"wp:attachment":[{"href":"https:\/\/www.blogdothame.blog.br\/v1\/wp-json\/wp\/v2\/media?parent=95858"}],"wp:term":[{"taxonomy":"category","embeddable":true,"href":"https:\/\/www.blogdothame.blog.br\/v1\/wp-json\/wp\/v2\/categories?post=95858"},{"taxonomy":"post_tag","embeddable":true,"href":"https:\/\/www.blogdothame.blog.br\/v1\/wp-json\/wp\/v2\/tags?post=95858"}],"curies":[{"name":"wp","href":"https:\/\/api.w.org\/{rel}","templated":true}]}}