{"id":95723,"date":"2019-10-16T15:58:37","date_gmt":"2019-10-16T18:58:37","guid":{"rendered":"http:\/\/www.blogdothame.blog.br\/v1\/?p=95723"},"modified":"2019-10-16T15:58:37","modified_gmt":"2019-10-16T18:58:37","slug":"rui-fala-de-concurso-da-pm-canonizacao-ferry-boat-e-outros-temas-no-papocorreria","status":"publish","type":"post","link":"https:\/\/www.blogdothame.blog.br\/v1\/2019\/10\/16\/rui-fala-de-concurso-da-pm-canonizacao-ferry-boat-e-outros-temas-no-papocorreria\/","title":{"rendered":"Rui fala de concurso da PM, canoniza\u00e7\u00e3o, ferry boat e outros temas no #PapoCorreria"},"content":{"rendered":"<p><img loading=\"lazy\" class=\"aligncenter size-medium wp-image-87711\" src=\"http:\/\/www.blogdothame.blog.br\/v1\/wp-content\/uploads\/2019\/03\/rui-papo-correria-300x200.jpg\" alt=\"rui papo correria\" width=\"300\" height=\"200\" srcset=\"https:\/\/www.blogdothame.blog.br\/v1\/wp-content\/uploads\/2019\/03\/rui-papo-correria-300x200.jpg 300w, https:\/\/www.blogdothame.blog.br\/v1\/wp-content\/uploads\/2019\/03\/rui-papo-correria-1024x682.jpg 1024w, https:\/\/www.blogdothame.blog.br\/v1\/wp-content\/uploads\/2019\/03\/rui-papo-correria.jpg 1280w\" sizes=\"(max-width: 300px) 100vw, 300px\" \/>De volta da viagem que fez \u00e0 It\u00e1lia para a canoniza\u00e7\u00e3o de Santa Dulce dos Pobres e reuni\u00f5es com poss\u00edveis investidores para a Bahia, o governador Rui Costa conta, no #PapoCorreria desta quarta-feira (16), sobre sua agenda na Europa.<\/p>\n<p>Est\u00e3o na pauta da live tamb\u00e9m o novo concurso lan\u00e7ado para Pol\u00edcia Militar e Corpo de Bombeiros Militar, as a\u00e7\u00f5es do Governo para conter as manchas de \u00f3leo nas praias baianas e o afundamento do ferry boat Agenor Gordilho no pr\u00f3ximo s\u00e1bado (19).<\/p>\n<p>No programa, transmitido ao vivo pelas redes sociais do governador, a partir das 19h, o secret\u00e1rio de Infraestrutura, Marcus Cavalcanti, participa para falar sobre as obras nas estradas do estado. Internautas assistem ao #PapoCorreria pelo Instagram, Facebook e Youtube e podem enviar perguntas.<\/p>\n","protected":false},"excerpt":{"rendered":"<p>De volta da viagem que fez \u00e0 It\u00e1lia para a canoniza\u00e7\u00e3o de Santa Dulce dos Pobres e reuni\u00f5es com poss\u00edveis investidores para a Bahia, o governador Rui Costa conta, no #PapoCorreria desta quarta-feira (16), sobre sua agenda na Europa. Est\u00e3o na pauta da live tamb\u00e9m o novo concurso lan\u00e7ado para Pol\u00edcia Militar e Corpo de [&hellip;]<\/p>\n","protected":false},"author":2,"featured_media":0,"comment_status":"open","ping_status":"open","sticky":false,"template":"","format":"standard","meta":{"_links_to":"","_links_to_target":""},"categories":[1],"tags":[19802,11454,25700,13609,615,25701],"_links":{"self":[{"href":"https:\/\/www.blogdothame.blog.br\/v1\/wp-json\/wp\/v2\/posts\/95723"}],"collection":[{"href":"https:\/\/www.blogdothame.blog.br\/v1\/wp-json\/wp\/v2\/posts"}],"about":[{"href":"https:\/\/www.blogdothame.blog.br\/v1\/wp-json\/wp\/v2\/types\/post"}],"author":[{"embeddable":true,"href":"https:\/\/www.blogdothame.blog.br\/v1\/wp-json\/wp\/v2\/users\/2"}],"replies":[{"embeddable":true,"href":"https:\/\/www.blogdothame.blog.br\/v1\/wp-json\/wp\/v2\/comments?post=95723"}],"version-history":[{"count":1,"href":"https:\/\/www.blogdothame.blog.br\/v1\/wp-json\/wp\/v2\/posts\/95723\/revisions"}],"predecessor-version":[{"id":95724,"href":"https:\/\/www.blogdothame.blog.br\/v1\/wp-json\/wp\/v2\/posts\/95723\/revisions\/95724"}],"wp:attachment":[{"href":"https:\/\/www.blogdothame.blog.br\/v1\/wp-json\/wp\/v2\/media?parent=95723"}],"wp:term":[{"taxonomy":"category","embeddable":true,"href":"https:\/\/www.blogdothame.blog.br\/v1\/wp-json\/wp\/v2\/categories?post=95723"},{"taxonomy":"post_tag","embeddable":true,"href":"https:\/\/www.blogdothame.blog.br\/v1\/wp-json\/wp\/v2\/tags?post=95723"}],"curies":[{"name":"wp","href":"https:\/\/api.w.org\/{rel}","templated":true}]}}